{"id":6300,"date":"2025-04-07T07:26:06","date_gmt":"2025-04-07T07:26:06","guid":{"rendered":"https:\/\/gileaddigital.com\/nattika\/?p=6300"},"modified":"2025-06-25T11:42:36","modified_gmt":"2025-06-25T11:42:36","slug":"7-chakren-balance-mit-yoga-pranayama-meditation","status":"publish","type":"post","link":"https:\/\/gileaddigital.com\/nattika\/blogs\/7-chakren-balance-mit-yoga-pranayama-meditation\/","title":{"rendered":"7 Chakren: Aktivieren und ausgleichen mit Yoga, Pranayama, Meditation"},"content":{"rendered":"\t\t<div data-elementor-type=\"wp-post\" data-elementor-id=\"6300\" class=\"elementor elementor-6300\" data-elementor-post-type=\"post\">\n\t\t\t\t<div class=\"elementor-element elementor-element-5726851 e-flex e-con-boxed e-con e-parent\" data-id=\"5726851\" data-element_type=\"container\" data-e-type=\"container\">\n\t\t\t\t\t<div class=\"e-con-inner\">\n\t\t<div class=\"elementor-element elementor-element-f40d7b6 e-con-full e-flex e-con e-child\" data-id=\"f40d7b6\" data-element_type=\"container\" data-e-type=\"container\">\n\t\t\t\t<div class=\"elementor-element elementor-element-c8165ce elementor-widget elementor-widget-text-editor\" data-id=\"c8165ce\" data-element_type=\"widget\" data-e-type=\"widget\" data-widget_type=\"text-editor.default\">\n\t\t\t\t<div class=\"elementor-widget-container\">\n\t\t\t\t\t\t\t\t\t<p><span style=\"font-weight: 400;\">Unser menschlicher K\u00f6rper ist ein superstarkes Wunder in der Welt. Jeden Tag haben wir mehr Wissen \u00fcber den leistungsstarken Computer Mensch. Die Wissenschaft ist immer noch auf der Suche nach der Kraft des Menschen. Eines der Wunder ist, dass unser menschlicher K\u00f6rper physische, energetische und pranische Schichten hat. Im Energiek\u00f6rper haben wir mehr und mehr Energiekan\u00e4le, die Nadis genannt werden. Es gibt mehr als 72000 Nadis. Die Kreuzungen dieser Nadis oder die Ansammlung dieser Kan\u00e4le sind die Energiepunkte, die Chakren. Oder Rad. Im Sinne der indischen Heiltraditionen sind Chakren Energiezentren im K\u00f6rper. Der Begriff Chakra stammt aus dem Sanskrit und bedeutet \u201eRad\u201c oder \u201eKreis\u201c. Jedes Chakra steht in Verbindung mit Teilen unseres Wohlbefindens &#8211; k\u00f6rperlich, emotional und spirituell.<\/span><\/p><p><span style=\"font-weight: 400;\">Solange die Energie durch diese Energiezentren reibungslos flie\u00dft, f\u00fchlen wir uns normalerweise ruhig und gesund und scheinen mit uns selbst in Kontakt zu sein. Wenn jedoch in einem Chakra etwas schief l\u00e4uft, \u00e4u\u00dfert sich das in emotionaler Anspannung, k\u00f6rperlichem Unbehagen oder allgemeinem Unwohlsein.<\/span><\/p>\t\t\t\t\t\t\t\t<\/div>\n\t\t\t\t<\/div>\n\t\t\t\t<\/div>\n\t\t<div class=\"elementor-element elementor-element-fc905eb e-con-full e-flex e-con e-child\" data-id=\"fc905eb\" data-element_type=\"container\" data-e-type=\"container\">\n\t\t\t\t<div class=\"elementor-element elementor-element-fccab07 elementor-widget elementor-widget-image\" data-id=\"fccab07\" data-element_type=\"widget\" data-e-type=\"widget\" data-widget_type=\"image.default\">\n\t\t\t\t<div class=\"elementor-widget-container\">\n\t\t\t\t\t\t\t\t\t\t\t\t\t\t\t<img fetchpriority=\"high\" decoding=\"async\" width=\"430\" height=\"518\" src=\"https:\/\/gileaddigital.com\/nattika\/wp-content\/uploads\/2025\/04\/pranayama_breathing_technique-png.webp\" class=\"attachment-large size-large wp-image-6322\" alt=\"pranayama\" srcset=\"https:\/\/gileaddigital.com\/nattika\/wp-content\/uploads\/2025\/04\/pranayama_breathing_technique-png.webp 430w, https:\/\/gileaddigital.com\/nattika\/wp-content\/uploads\/2025\/04\/pranayama_breathing_technique-249x300.webp 249w\" sizes=\"(max-width: 430px) 100vw, 430px\" \/>\t\t\t\t\t\t\t\t\t\t\t\t\t\t\t<\/div>\n\t\t\t\t<\/div>\n\t\t\t\t<\/div>\n\t\t\t\t\t<\/div>\n\t\t\t\t<\/div>\n\t\t<div class=\"elementor-element elementor-element-31756e3 e-flex e-con-boxed e-con e-parent\" data-id=\"31756e3\" data-element_type=\"container\" data-e-type=\"container\">\n\t\t\t\t\t<div class=\"e-con-inner\">\n\t\t<div class=\"elementor-element elementor-element-059904c e-con-full e-flex e-con e-child\" data-id=\"059904c\" data-element_type=\"container\" data-e-type=\"container\">\n\t\t\t\t<div class=\"elementor-element elementor-element-06792aa elementor-widget elementor-widget-video\" data-id=\"06792aa\" data-element_type=\"widget\" data-e-type=\"widget\" data-settings=\"{&quot;youtube_url&quot;:&quot;https:\\\/\\\/www.youtube.com\\\/watch?v=2J0IOhEZuig&quot;,&quot;video_type&quot;:&quot;youtube&quot;,&quot;controls&quot;:&quot;yes&quot;}\" data-widget_type=\"video.default\">\n\t\t\t\t<div class=\"elementor-widget-container\">\n\t\t\t\t\t\t\t<div class=\"elementor-wrapper elementor-open-inline\">\n\t\t\t<div class=\"elementor-video\"><\/div>\t\t<\/div>\n\t\t\t\t\t\t<\/div>\n\t\t\t\t<\/div>\n\t\t\t\t<\/div>\n\t\t\t\t\t<\/div>\n\t\t\t\t<\/div>\n\t\t<div class=\"elementor-element elementor-element-9f62f42 e-flex e-con-boxed e-con e-parent\" data-id=\"9f62f42\" data-element_type=\"container\" data-e-type=\"container\">\n\t\t\t\t\t<div class=\"e-con-inner\">\n\t\t<div class=\"elementor-element elementor-element-797f034 e-con-full e-flex e-con e-child\" data-id=\"797f034\" data-element_type=\"container\" data-e-type=\"container\">\n\t\t\t\t<div class=\"elementor-element elementor-element-4db7390 elementor-widget elementor-widget-image\" data-id=\"4db7390\" data-element_type=\"widget\" data-e-type=\"widget\" data-widget_type=\"image.default\">\n\t\t\t\t<div class=\"elementor-widget-container\">\n\t\t\t\t\t\t\t\t\t\t\t\t\t\t\t<img decoding=\"async\" width=\"464\" height=\"400\" src=\"https:\/\/gileaddigital.com\/nattika\/wp-content\/uploads\/2025\/04\/7-chakras-png.webp\" class=\"attachment-large size-large wp-image-6314\" alt=\"7-chakras\" srcset=\"https:\/\/gileaddigital.com\/nattika\/wp-content\/uploads\/2025\/04\/7-chakras-png.webp 464w, https:\/\/gileaddigital.com\/nattika\/wp-content\/uploads\/2025\/04\/7-chakras-300x259.webp 300w\" sizes=\"(max-width: 464px) 100vw, 464px\" \/>\t\t\t\t\t\t\t\t\t\t\t\t\t\t\t<\/div>\n\t\t\t\t<\/div>\n\t\t\t\t<\/div>\n\t\t<div class=\"elementor-element elementor-element-575ad16 e-con-full e-flex e-con e-child\" data-id=\"575ad16\" data-element_type=\"container\" data-e-type=\"container\">\n\t\t\t\t<div class=\"elementor-element elementor-element-b195889 elementor-widget elementor-widget-text-editor\" data-id=\"b195889\" data-element_type=\"widget\" data-e-type=\"widget\" data-widget_type=\"text-editor.default\">\n\t\t\t\t<div class=\"elementor-widget-container\">\n\t\t\t\t\t\t\t\t\t<p><span style=\"font-weight: 400;\">Das Chakra<\/span><span style=\"font-weight: 400;\"> l\u00e4dt \u00fcber das Skelett hinaus zum feinstofflichen K\u00f6rper ein, der energetischen H\u00fclle, die den physischen K\u00f6rper umgibt und ihn beeinflusst. <a href=\"https:\/\/gileaddigital.com\/nattika\/yoga\/\">Yoga<\/a>, bewusste Atmung und Meditation tragen viel dazu bei, die Energien wieder in die richtige Richtung zu lenken, so dass sich unser Leben t\u00e4glich zentriert anf\u00fchlt.<\/span><\/p><h3><b>\u00dcberblick \u00fcber die 7 Chakren<\/b><\/h3><p><span style=\"font-weight: 400;\">Die sieben Chakren verlaufen entlang der Wirbels\u00e4ule \u2013 vom Stei\u00dfbein bis zur Sch\u00e4delkrone. Sie sind durch Nadis miteinander verbunden \u2013 die Energiepfade. Nadis bringen Prana, also Lebensenergie, in unseren K\u00f6rper. Jedes Chakra hat neben seiner energetischen Bedeutung auch eine zugeordnete Farbe sowie ein Symbol \u2013 die Lotosblume. Die Farbskala gleicht einem Regenbogen und der Lotos steht f\u00fcr Erleuchtung, Kreativit\u00e4t und Reinheit.<\/span><\/p>\t\t\t\t\t\t\t\t<\/div>\n\t\t\t\t<\/div>\n\t\t\t\t<\/div>\n\t\t\t\t\t<\/div>\n\t\t\t\t<\/div>\n\t\t<div class=\"elementor-element elementor-element-7a589ab e-flex e-con-boxed e-con e-parent\" data-id=\"7a589ab\" data-element_type=\"container\" data-e-type=\"container\">\n\t\t\t\t\t<div class=\"e-con-inner\">\n\t\t\t\t<div class=\"elementor-element elementor-element-430b53b elementor-widget elementor-widget-html\" data-id=\"430b53b\" data-element_type=\"widget\" data-e-type=\"widget\" data-widget_type=\"html.default\">\n\t\t\t\t<div class=\"elementor-widget-container\">\n\t\t\t\t\t<div style=\"overflow-x: auto; -webkit-overflow-scrolling: touch;\">\r\n<table style=\"border-collapse: collapse; width: 100%; font-family: Arial, sans-serif;\">\r\n    <thead>\r\n      <tr style=\"text-align: center;\">\r\n        <th style=\"padding: 8px; border: 1px solid #C49952;\">Chakra Name<\/th>\r\n        <th style=\"padding: 8px; border: 1px solid #C49952;\">Standort<\/th>\r\n        <th style=\"padding: 8px; border: 1px solid #C49952;\">Farbe<\/th>\r\n        <th style=\"padding: 8px; border: 1px solid #C49952; text-align: center;\">Bl\u00fctenbl\u00e4tter<\/th>\r\n        <th style=\"padding: 8px; border: 1px solid #C49952; text-align: center;\">Mantra<\/th>\r\n        <th style=\"padding: 8px 10px 2px 10px; line-height: 1.3; border: 1px solid #C49952;\">\r\n          Wichtige Assoziationen\r\n        <\/th>\r\n      <\/tr>\r\n    <\/thead>\r\n    <tbody>\r\n      <tr style=\"text-align: center;\">\r\n        <td style=\"padding: 8px; border: 1px solid #C49952;\">Mooladhara (Wurzelchakra)<\/td>\r\n        <td style=\"padding: 8px; border: 1px solid #C49952;\">Stei\u00dfbein<\/td>\r\n        <td style=\"padding: 8px; border: 1px solid #C49952; text-align: center;\">Rot<\/td>\r\n        <td style=\"padding: 8px; border: 1px solid #C49952; text-align: center;\">4<\/td>\r\n        <td style=\"padding: 8px; border: 1px solid #C49952; text-align: center;\">LAM<\/td>\r\n        <td style=\"padding: 8px 10px 2px 10px; line-height: 1.3; border: 1px solid #C49952;\">\r\n          Erdung, Stabilit\u00e4t, Sicherheit, \u00dcberleben, k\u00f6rperliche Gesundheit, materieller Wohlstand\r\n        <\/td>\r\n      <\/tr>\r\n      <tr style=\"text-align: center;\">\r\n        <td style=\"padding: 8px; border: 1px solid #C49952;\">Swadhisthana (Sakralchakra)<\/td>\r\n        <td style=\"padding: 8px; border: 1px solid #C49952;\">Unterhalb des Bauchnabels<\/td>\r\n        <td style=\"padding: 8px; border: 1px solid #C49952; text-align: center;\">Orange<\/td>\r\n        <td style=\"padding: 8px; border: 1px solid #C49952; text-align: center;\">6<\/td>\r\n        <td style=\"padding: 8px; border: 1px solid #C49952; text-align: center;\">VAM<\/td>\r\n        <td style=\"padding: 8px 10px 2px 10px; line-height: 1.3; border: 1px solid #C49952;\">\r\n          Sexualit\u00e4t, Kreativit\u00e4t, Vergn\u00fcgen, Gef\u00fchle, Fluidit\u00e4t\r\n        <\/td>\r\n      <\/tr>\r\n      <tr style=\"text-align: center;\">\r\n        <td style=\"padding: 8px; border: 1px solid #C49952;\">Manipura (Solarplexus-Chakra)<\/td>\r\n        <td style=\"padding: 8px; border: 1px solid #C49952;\">Oberbauch<\/td>\r\n        <td style=\"padding: 8px; border: 1px solid #C49952; text-align: center;\">Gelb<\/td>\r\n        <td style=\"padding: 8px; border: 1px solid #C49952; text-align: center;\">10<\/td>\r\n        <td style=\"padding: 8px; border: 1px solid #C49952; text-align: center;\">RAM<\/td>\r\n        <td style=\"padding: 8px 10px 2px 10px; line-height: 1.3; border: 1px solid #C49952;\">\r\n          Selbstwertgef\u00fchl, Selbstvertrauen, Willenskraft, pers\u00f6nliche St\u00e4rke, Verdauung, Stoffwechsel\r\n        <\/td>\r\n      <\/tr>\r\n      <tr style=\"text-align: center;\">\r\n        <td style=\"padding: 8px; border: 1px solid #C49952;\">Anahata (Herz-Chakra)<\/td>\r\n        <td style=\"padding: 8px; border: 1px solid #C49952;\">Mitte der Brust<\/td>\r\n        <td style=\"padding: 8px; border: 1px solid #C49952; text-align: center;\">Gr\u00fcn<\/td>\r\n        <td style=\"padding: 8px; border: 1px solid #C49952; text-align: center;\">12<\/td>\r\n        <td style=\"padding: 8px; border: 1px solid #C49952; text-align: center;\">YAM<\/td>\r\n        <td style=\"padding: 8px 10px 2px 10px; line-height: 1.3; border: 1px solid #C49952;\">\r\n          Liebe (selbst und andere), Mitgef\u00fchl, Empathie, Vergebung, Frieden, Verbindung\r\n        <\/td>\r\n      <\/tr>\r\n      <tr style=\"text-align: center;\">\r\n        <td style=\"padding: 8px; border: 1px solid #C49952;\">Vishuddhi (Kehlkopf-Chakra)<\/td>\r\n        <td style=\"padding: 8px; border: 1px solid #C49952;\">Bereich Schilddr\u00fcse<\/td>\r\n        <td style=\"padding: 8px; border: 1px solid #C49952; text-align: center;\">Blau<\/td>\r\n        <td style=\"padding: 8px; border: 1px solid #C49952; text-align: center;\">16<\/td>\r\n        <td style=\"padding: 8px; border: 1px solid #C49952; text-align: center;\">HAM<\/td>\r\n        <td style=\"padding: 8px 10px 2px 10px; line-height: 1.3; border: 1px solid #C49952;\">\r\n          Kommunikation, Selbstdarstellung, Wahrhaftigkeit, Klarheit, Zuh\u00f6ren, Kreativit\u00e4t (Sprache)\r\n        <\/td>\r\n      <\/tr>\r\n      <tr style=\"text-align: center;\">\r\n        <td style=\"padding: 8px; border: 1px solid #C49952;\">Ajna (Drittes Augenchakra)<\/td>\r\n        <td style=\"padding: 8px; border: 1px solid #C49952;\">Zwischen den Augenbrauen<\/td>\r\n        <td style=\"padding: 8px; border: 1px solid #C49952; text-align: center;\">Indigo<\/td>\r\n        <td style=\"padding: 8px; border: 1px solid #C49952; text-align: center;\">2<\/td>\r\n        <td style=\"padding: 8px; border: 1px solid #C49952; text-align: center;\">OM<\/td>\r\n        <td style=\"padding: 8px 10px 2px 10px; line-height: 1.3; border: 1px solid #C49952;\">\r\n          Intuition, \u00fcbersinnliche F\u00e4higkeiten, Vorstellungskraft, Visualisierung, Klarheit, innere Weisheit\r\n        <\/td>\r\n      <\/tr>\r\n      <tr style=\"text-align: center;\">\r\n        <td style=\"padding: 8px; border: 1px solid #C49952;\">Sahasrara (Kronenchakra)<\/td>\r\n        <td style=\"padding: 8px; border: 1px solid #C49952;\">Die Krone des Kopfes<\/td>\r\n        <td style=\"padding: 8px; border: 1px solid #C49952; text-align: center;\">Violett<\/td>\r\n        <td style=\"padding: 8px; border: 1px solid #C49952; text-align: center;\">1000<\/td>\r\n        <td style=\"padding: 8px; border: 1px solid #C49952; text-align: center;\">AUM<\/td>\r\n        <td style=\"padding: 8px 10px 2px 10px; line-height: 1.3; border: 1px solid #C49952;\">\r\n          Spirituelle Verbindung, Erleuchtung, Universelles Bewusstsein, Bewusstheit, Weisheit\r\n        <\/td>\r\n      <\/tr>\r\n    <\/tbody>\r\n  <\/table>\r\n  <\/div>\t\t\t\t<\/div>\n\t\t\t\t<\/div>\n\t\t\t\t\t<\/div>\n\t\t\t\t<\/div>\n\t\t<div class=\"elementor-element elementor-element-8812edd e-flex e-con-boxed e-con e-parent\" data-id=\"8812edd\" data-element_type=\"container\" data-e-type=\"container\">\n\t\t\t\t\t<div class=\"e-con-inner\">\n\t\t\t\t<div class=\"elementor-element elementor-element-4119039 elementor-widget elementor-widget-text-editor\" data-id=\"4119039\" data-element_type=\"widget\" data-e-type=\"widget\" data-widget_type=\"text-editor.default\">\n\t\t\t\t<div class=\"elementor-widget-container\">\n\t\t\t\t\t\t\t\t\t<h3><b>Schlussfolgerung<\/b><\/h3><p><span style=\"font-weight: 400;\">Das Chakrasystem betrachtet den menschlichen K\u00f6rper auf ganzheitliche Weise \u2013 von der physischen Ebene bis hin zu mentalen und emotionalen Erscheinungen. Chakra-Arbeit ist eine praktische und wirkungsvolle Methode, um die Gesundheit zu verbessern, das Selbstbewusstsein zu st\u00e4rken und den Fokus auf die spirituelle Selbsterkenntnis zu lenken.<\/span><\/p><p><span style=\"font-weight: 400;\">So hilft sie dabei, das Bewusstsein in feinere Ebenen zu f\u00fchren und durch die Ausbalancierung von <a href=\"https:\/\/gileaddigital.com\/nattika\/heilung-von-korper-geist-und-seele-deutschland\/\">K\u00f6rper, Geist und Seele<\/a> zur Selbstverwirklichung zu gelangen. Und selbst wenn man der Idee von Energiezentren skeptisch gegen\u00fcbersteht, k\u00f6nnen regelm\u00e4\u00dfige \u00dcbungen \u2013 jeglicher Art \u2013 langfristig zu innerem Gleichgewicht und Gesundheit beitragen.<\/span><\/p>\t\t\t\t\t\t\t\t<\/div>\n\t\t\t\t<\/div>\n\t\t\t\t\t<\/div>\n\t\t\t\t<\/div>\n\t\t\t\t<\/div>\n\t\t","protected":false},"excerpt":{"rendered":"Unser menschlicher K\u00f6rper ist ein superstarkes Wunder in der Welt. Jeden Tag haben wir mehr Wissen \u00fcber den leistungsstarken Computer Mensch. Die Wissenschaft ist immer noch auf der Suche nach der Kraft des Menschen. Eines der Wunder ist, dass unser menschlicher K\u00f6rper physische, energetische und pranische Schichten hat. Im Energiek\u00f6rper haben wir mehr und mehr [&hellip;]","protected":false},"author":3,"featured_media":6302,"comment_status":"closed","ping_status":"open","sticky":false,"template":"single-staff.php","format":"standard","meta":{"footnotes":""},"categories":[74],"tags":[187],"class_list":["post-6300","post","type-post","status-publish","format-standard","has-post-thumbnail","hentry","category-yoga","tag-7-chakren"],"yoast_head":"<!-- This site is optimized with the Yoast SEO plugin v27.4 - https:\/\/yoast.com\/product\/yoast-seo-wordpress\/ -->\n<title>7 Chakren | Balance mit Yoga, Pranayama &amp; Meditation<\/title>\n<meta name=\"description\" content=\"Bringen Sie Geist und K\u00f6rper mit Yoga, Pranayama &amp; Meditation ins Gleichgewicht. Aktivieren Sie Ihre 7 Chakren \u2013 beginnen Sie noch heute Ihre Reise!\" \/>\n<meta name=\"robots\" content=\"index, follow, max-snippet:-1, max-image-preview:large, max-video-preview:-1\" \/>\n<link rel=\"canonical\" href=\"https:\/\/gileaddigital.com\/nattika\/blogs\/7-chakren-balance-mit-yoga-pranayama-meditation\/\" \/>\n<meta property=\"og:locale\" content=\"en_US\" \/>\n<meta property=\"og:type\" content=\"article\" \/>\n<meta property=\"og:title\" content=\"7 Chakren | Balance mit Yoga, Pranayama &amp; Meditation\" \/>\n<meta property=\"og:description\" content=\"Bringen Sie Geist und K\u00f6rper mit Yoga, Pranayama &amp; Meditation ins Gleichgewicht. Aktivieren Sie Ihre 7 Chakren \u2013 beginnen Sie noch heute Ihre Reise!\" \/>\n<meta property=\"og:url\" content=\"https:\/\/gileaddigital.com\/nattika\/blogs\/7-chakren-balance-mit-yoga-pranayama-meditation\/\" \/>\n<meta property=\"og:site_name\" content=\"Park Am See Nattika\" \/>\n<meta property=\"article:publisher\" content=\"https:\/\/www.facebook.com\/profile.php?id=61553061548393&amp;mibextid=ZbWKwL\" \/>\n<meta property=\"article:published_time\" content=\"2025-04-07T07:26:06+00:00\" \/>\n<meta property=\"article:modified_time\" content=\"2025-06-25T11:42:36+00:00\" \/>\n<meta property=\"og:image\" content=\"https:\/\/gileaddigital.com\/nattika\/wp-content\/uploads\/2025\/04\/7-Chakras-holding-hand-feature-png.webp\" \/>\n\t<meta property=\"og:image:width\" content=\"900\" \/>\n\t<meta property=\"og:image:height\" content=\"653\" \/>\n\t<meta property=\"og:image:type\" content=\"image\/png\" \/>\n<meta name=\"author\" content=\"Aksa\" \/>\n<meta name=\"twitter:card\" content=\"summary_large_image\" \/>\n<meta name=\"twitter:label1\" content=\"Written by\" \/>\n\t<meta name=\"twitter:data1\" content=\"Aksa\" \/>\n\t<meta name=\"twitter:label2\" content=\"Est. reading time\" \/>\n\t<meta name=\"twitter:data2\" content=\"3 minutes\" \/>\n<script type=\"application\/ld+json\" class=\"yoast-schema-graph\">{\"@context\":\"https:\\\/\\\/schema.org\",\"@graph\":[{\"@type\":\"Article\",\"@id\":\"https:\\\/\\\/gileaddigital.com\\\/nattika\\\/blogs\\\/7-chakren-balance-mit-yoga-pranayama-meditation\\\/#article\",\"isPartOf\":{\"@id\":\"https:\\\/\\\/gileaddigital.com\\\/nattika\\\/blogs\\\/7-chakren-balance-mit-yoga-pranayama-meditation\\\/\"},\"author\":{\"name\":\"Aksa\",\"@id\":\"https:\\\/\\\/gileaddigital.com\\\/nattika\\\/#\\\/schema\\\/person\\\/e01153d42008ca5d641076b8d78d54d8\"},\"headline\":\"7 Chakren: Aktivieren und ausgleichen mit Yoga, Pranayama, Meditation\",\"datePublished\":\"2025-04-07T07:26:06+00:00\",\"dateModified\":\"2025-06-25T11:42:36+00:00\",\"mainEntityOfPage\":{\"@id\":\"https:\\\/\\\/gileaddigital.com\\\/nattika\\\/blogs\\\/7-chakren-balance-mit-yoga-pranayama-meditation\\\/\"},\"wordCount\":533,\"publisher\":{\"@id\":\"https:\\\/\\\/gileaddigital.com\\\/nattika\\\/#organization\"},\"image\":{\"@id\":\"https:\\\/\\\/gileaddigital.com\\\/nattika\\\/blogs\\\/7-chakren-balance-mit-yoga-pranayama-meditation\\\/#primaryimage\"},\"thumbnailUrl\":\"https:\\\/\\\/gileaddigital.com\\\/nattika\\\/wp-content\\\/uploads\\\/2025\\\/04\\\/7-Chakras-holding-hand-feature-png.webp\",\"keywords\":[\"7 Chakren\"],\"articleSection\":[\"Yoga\"],\"inLanguage\":\"en-US\"},{\"@type\":\"WebPage\",\"@id\":\"https:\\\/\\\/gileaddigital.com\\\/nattika\\\/blogs\\\/7-chakren-balance-mit-yoga-pranayama-meditation\\\/\",\"url\":\"https:\\\/\\\/gileaddigital.com\\\/nattika\\\/blogs\\\/7-chakren-balance-mit-yoga-pranayama-meditation\\\/\",\"name\":\"7 Chakren | Balance mit Yoga, Pranayama & Meditation\",\"isPartOf\":{\"@id\":\"https:\\\/\\\/gileaddigital.com\\\/nattika\\\/#website\"},\"primaryImageOfPage\":{\"@id\":\"https:\\\/\\\/gileaddigital.com\\\/nattika\\\/blogs\\\/7-chakren-balance-mit-yoga-pranayama-meditation\\\/#primaryimage\"},\"image\":{\"@id\":\"https:\\\/\\\/gileaddigital.com\\\/nattika\\\/blogs\\\/7-chakren-balance-mit-yoga-pranayama-meditation\\\/#primaryimage\"},\"thumbnailUrl\":\"https:\\\/\\\/gileaddigital.com\\\/nattika\\\/wp-content\\\/uploads\\\/2025\\\/04\\\/7-Chakras-holding-hand-feature-png.webp\",\"datePublished\":\"2025-04-07T07:26:06+00:00\",\"dateModified\":\"2025-06-25T11:42:36+00:00\",\"description\":\"Bringen Sie Geist und K\u00f6rper mit Yoga, Pranayama & Meditation ins Gleichgewicht. Aktivieren Sie Ihre 7 Chakren \u2013 beginnen Sie noch heute Ihre Reise!\",\"breadcrumb\":{\"@id\":\"https:\\\/\\\/gileaddigital.com\\\/nattika\\\/blogs\\\/7-chakren-balance-mit-yoga-pranayama-meditation\\\/#breadcrumb\"},\"inLanguage\":\"en-US\",\"potentialAction\":[{\"@type\":\"ReadAction\",\"target\":[\"https:\\\/\\\/gileaddigital.com\\\/nattika\\\/blogs\\\/7-chakren-balance-mit-yoga-pranayama-meditation\\\/\"]}]},{\"@type\":\"ImageObject\",\"inLanguage\":\"en-US\",\"@id\":\"https:\\\/\\\/gileaddigital.com\\\/nattika\\\/blogs\\\/7-chakren-balance-mit-yoga-pranayama-meditation\\\/#primaryimage\",\"url\":\"https:\\\/\\\/gileaddigital.com\\\/nattika\\\/wp-content\\\/uploads\\\/2025\\\/04\\\/7-Chakras-holding-hand-feature-png.webp\",\"contentUrl\":\"https:\\\/\\\/gileaddigital.com\\\/nattika\\\/wp-content\\\/uploads\\\/2025\\\/04\\\/7-Chakras-holding-hand-feature-png.webp\",\"width\":900,\"height\":653,\"caption\":\"7 Chakras holding hand\"},{\"@type\":\"BreadcrumbList\",\"@id\":\"https:\\\/\\\/gileaddigital.com\\\/nattika\\\/blogs\\\/7-chakren-balance-mit-yoga-pranayama-meditation\\\/#breadcrumb\",\"itemListElement\":[{\"@type\":\"ListItem\",\"position\":1,\"name\":\"Home\",\"item\":\"https:\\\/\\\/gileaddigital.com\\\/nattika\\\/\"},{\"@type\":\"ListItem\",\"position\":2,\"name\":\"7 Chakren: Aktivieren und ausgleichen mit Yoga, Pranayama, Meditation\"}]},{\"@type\":\"WebSite\",\"@id\":\"https:\\\/\\\/gileaddigital.com\\\/nattika\\\/#website\",\"url\":\"https:\\\/\\\/gileaddigital.com\\\/nattika\\\/\",\"name\":\"Park Am See Nattika\",\"description\":\"Ayurveda Kur in Deutschland - Authentisches Retreat Park am See\",\"publisher\":{\"@id\":\"https:\\\/\\\/gileaddigital.com\\\/nattika\\\/#organization\"},\"potentialAction\":[{\"@type\":\"SearchAction\",\"target\":{\"@type\":\"EntryPoint\",\"urlTemplate\":\"https:\\\/\\\/gileaddigital.com\\\/nattika\\\/?s={search_term_string}\"},\"query-input\":{\"@type\":\"PropertyValueSpecification\",\"valueRequired\":true,\"valueName\":\"search_term_string\"}}],\"inLanguage\":\"en-US\"},{\"@type\":\"Organization\",\"@id\":\"https:\\\/\\\/gileaddigital.com\\\/nattika\\\/#organization\",\"name\":\"Park Am See Nattika\",\"url\":\"https:\\\/\\\/gileaddigital.com\\\/nattika\\\/\",\"logo\":{\"@type\":\"ImageObject\",\"inLanguage\":\"en-US\",\"@id\":\"https:\\\/\\\/gileaddigital.com\\\/nattika\\\/#\\\/schema\\\/logo\\\/image\\\/\",\"url\":\"https:\\\/\\\/gileaddigital.com\\\/nattika\\\/wp-content\\\/uploads\\\/2024\\\/12\\\/favicon-png.webp\",\"contentUrl\":\"https:\\\/\\\/gileaddigital.com\\\/nattika\\\/wp-content\\\/uploads\\\/2024\\\/12\\\/favicon-png.webp\",\"width\":32,\"height\":32,\"caption\":\"Park Am See Nattika\"},\"image\":{\"@id\":\"https:\\\/\\\/gileaddigital.com\\\/nattika\\\/#\\\/schema\\\/logo\\\/image\\\/\"},\"sameAs\":[\"https:\\\/\\\/www.facebook.com\\\/profile.php?id=61553061548393&mibextid=ZbWKwL\",\"https:\\\/\\\/www.instagram.com\\\/park.am.see.nattika\\\/\",\"https:\\\/\\\/www.youtube.com\\\/watch?v=dD89haX2moo\"]},{\"@type\":\"Person\",\"@id\":\"https:\\\/\\\/gileaddigital.com\\\/nattika\\\/#\\\/schema\\\/person\\\/e01153d42008ca5d641076b8d78d54d8\",\"name\":\"Aksa\",\"image\":{\"@type\":\"ImageObject\",\"inLanguage\":\"en-US\",\"@id\":\"https:\\\/\\\/secure.gravatar.com\\\/avatar\\\/91c390ff7e30b9a3a67eba3d6f93b1d7570941b775df4d2742a72527f2d856bc?s=96&d=mm&r=g\",\"url\":\"https:\\\/\\\/secure.gravatar.com\\\/avatar\\\/91c390ff7e30b9a3a67eba3d6f93b1d7570941b775df4d2742a72527f2d856bc?s=96&d=mm&r=g\",\"contentUrl\":\"https:\\\/\\\/secure.gravatar.com\\\/avatar\\\/91c390ff7e30b9a3a67eba3d6f93b1d7570941b775df4d2742a72527f2d856bc?s=96&d=mm&r=g\",\"caption\":\"Aksa\"},\"url\":\"https:\\\/\\\/gileaddigital.com\\\/nattika\\\/blogs\\\/author\\\/aksa\\\/\"}]}<\/script>\n<!-- \/ Yoast SEO plugin. -->","yoast_head_json":{"title":"7 Chakren | Balance mit Yoga, Pranayama & Meditation","description":"Bringen Sie Geist und K\u00f6rper mit Yoga, Pranayama & Meditation ins Gleichgewicht. Aktivieren Sie Ihre 7 Chakren \u2013 beginnen Sie noch heute Ihre Reise!","robots":{"index":"index","follow":"follow","max-snippet":"max-snippet:-1","max-image-preview":"max-image-preview:large","max-video-preview":"max-video-preview:-1"},"canonical":"https:\/\/gileaddigital.com\/nattika\/blogs\/7-chakren-balance-mit-yoga-pranayama-meditation\/","og_locale":"en_US","og_type":"article","og_title":"7 Chakren | Balance mit Yoga, Pranayama & Meditation","og_description":"Bringen Sie Geist und K\u00f6rper mit Yoga, Pranayama & Meditation ins Gleichgewicht. Aktivieren Sie Ihre 7 Chakren \u2013 beginnen Sie noch heute Ihre Reise!","og_url":"https:\/\/gileaddigital.com\/nattika\/blogs\/7-chakren-balance-mit-yoga-pranayama-meditation\/","og_site_name":"Park Am See Nattika","article_publisher":"https:\/\/www.facebook.com\/profile.php?id=61553061548393&mibextid=ZbWKwL","article_published_time":"2025-04-07T07:26:06+00:00","article_modified_time":"2025-06-25T11:42:36+00:00","og_image":[{"width":900,"height":653,"url":"https:\/\/gileaddigital.com\/nattika\/wp-content\/uploads\/2025\/04\/7-Chakras-holding-hand-feature-png.webp","type":"image\/png"}],"author":"Aksa","twitter_card":"summary_large_image","twitter_misc":{"Written by":"Aksa","Est. reading time":"3 minutes"},"schema":{"@context":"https:\/\/schema.org","@graph":[{"@type":"Article","@id":"https:\/\/gileaddigital.com\/nattika\/blogs\/7-chakren-balance-mit-yoga-pranayama-meditation\/#article","isPartOf":{"@id":"https:\/\/gileaddigital.com\/nattika\/blogs\/7-chakren-balance-mit-yoga-pranayama-meditation\/"},"author":{"name":"Aksa","@id":"https:\/\/gileaddigital.com\/nattika\/#\/schema\/person\/e01153d42008ca5d641076b8d78d54d8"},"headline":"7 Chakren: Aktivieren und ausgleichen mit Yoga, Pranayama, Meditation","datePublished":"2025-04-07T07:26:06+00:00","dateModified":"2025-06-25T11:42:36+00:00","mainEntityOfPage":{"@id":"https:\/\/gileaddigital.com\/nattika\/blogs\/7-chakren-balance-mit-yoga-pranayama-meditation\/"},"wordCount":533,"publisher":{"@id":"https:\/\/gileaddigital.com\/nattika\/#organization"},"image":{"@id":"https:\/\/gileaddigital.com\/nattika\/blogs\/7-chakren-balance-mit-yoga-pranayama-meditation\/#primaryimage"},"thumbnailUrl":"https:\/\/gileaddigital.com\/nattika\/wp-content\/uploads\/2025\/04\/7-Chakras-holding-hand-feature-png.webp","keywords":["7 Chakren"],"articleSection":["Yoga"],"inLanguage":"en-US"},{"@type":"WebPage","@id":"https:\/\/gileaddigital.com\/nattika\/blogs\/7-chakren-balance-mit-yoga-pranayama-meditation\/","url":"https:\/\/gileaddigital.com\/nattika\/blogs\/7-chakren-balance-mit-yoga-pranayama-meditation\/","name":"7 Chakren | Balance mit Yoga, Pranayama & Meditation","isPartOf":{"@id":"https:\/\/gileaddigital.com\/nattika\/#website"},"primaryImageOfPage":{"@id":"https:\/\/gileaddigital.com\/nattika\/blogs\/7-chakren-balance-mit-yoga-pranayama-meditation\/#primaryimage"},"image":{"@id":"https:\/\/gileaddigital.com\/nattika\/blogs\/7-chakren-balance-mit-yoga-pranayama-meditation\/#primaryimage"},"thumbnailUrl":"https:\/\/gileaddigital.com\/nattika\/wp-content\/uploads\/2025\/04\/7-Chakras-holding-hand-feature-png.webp","datePublished":"2025-04-07T07:26:06+00:00","dateModified":"2025-06-25T11:42:36+00:00","description":"Bringen Sie Geist und K\u00f6rper mit Yoga, Pranayama & Meditation ins Gleichgewicht. Aktivieren Sie Ihre 7 Chakren \u2013 beginnen Sie noch heute Ihre Reise!","breadcrumb":{"@id":"https:\/\/gileaddigital.com\/nattika\/blogs\/7-chakren-balance-mit-yoga-pranayama-meditation\/#breadcrumb"},"inLanguage":"en-US","potentialAction":[{"@type":"ReadAction","target":["https:\/\/gileaddigital.com\/nattika\/blogs\/7-chakren-balance-mit-yoga-pranayama-meditation\/"]}]},{"@type":"ImageObject","inLanguage":"en-US","@id":"https:\/\/gileaddigital.com\/nattika\/blogs\/7-chakren-balance-mit-yoga-pranayama-meditation\/#primaryimage","url":"https:\/\/gileaddigital.com\/nattika\/wp-content\/uploads\/2025\/04\/7-Chakras-holding-hand-feature-png.webp","contentUrl":"https:\/\/gileaddigital.com\/nattika\/wp-content\/uploads\/2025\/04\/7-Chakras-holding-hand-feature-png.webp","width":900,"height":653,"caption":"7 Chakras holding hand"},{"@type":"BreadcrumbList","@id":"https:\/\/gileaddigital.com\/nattika\/blogs\/7-chakren-balance-mit-yoga-pranayama-meditation\/#breadcrumb","itemListElement":[{"@type":"ListItem","position":1,"name":"Home","item":"https:\/\/gileaddigital.com\/nattika\/"},{"@type":"ListItem","position":2,"name":"7 Chakren: Aktivieren und ausgleichen mit Yoga, Pranayama, Meditation"}]},{"@type":"WebSite","@id":"https:\/\/gileaddigital.com\/nattika\/#website","url":"https:\/\/gileaddigital.com\/nattika\/","name":"Park Am See Nattika","description":"Ayurveda Kur in Deutschland - Authentisches Retreat Park am See","publisher":{"@id":"https:\/\/gileaddigital.com\/nattika\/#organization"},"potentialAction":[{"@type":"SearchAction","target":{"@type":"EntryPoint","urlTemplate":"https:\/\/gileaddigital.com\/nattika\/?s={search_term_string}"},"query-input":{"@type":"PropertyValueSpecification","valueRequired":true,"valueName":"search_term_string"}}],"inLanguage":"en-US"},{"@type":"Organization","@id":"https:\/\/gileaddigital.com\/nattika\/#organization","name":"Park Am See Nattika","url":"https:\/\/gileaddigital.com\/nattika\/","logo":{"@type":"ImageObject","inLanguage":"en-US","@id":"https:\/\/gileaddigital.com\/nattika\/#\/schema\/logo\/image\/","url":"https:\/\/gileaddigital.com\/nattika\/wp-content\/uploads\/2024\/12\/favicon-png.webp","contentUrl":"https:\/\/gileaddigital.com\/nattika\/wp-content\/uploads\/2024\/12\/favicon-png.webp","width":32,"height":32,"caption":"Park Am See Nattika"},"image":{"@id":"https:\/\/gileaddigital.com\/nattika\/#\/schema\/logo\/image\/"},"sameAs":["https:\/\/www.facebook.com\/profile.php?id=61553061548393&mibextid=ZbWKwL","https:\/\/www.instagram.com\/park.am.see.nattika\/","https:\/\/www.youtube.com\/watch?v=dD89haX2moo"]},{"@type":"Person","@id":"https:\/\/gileaddigital.com\/nattika\/#\/schema\/person\/e01153d42008ca5d641076b8d78d54d8","name":"Aksa","image":{"@type":"ImageObject","inLanguage":"en-US","@id":"https:\/\/secure.gravatar.com\/avatar\/91c390ff7e30b9a3a67eba3d6f93b1d7570941b775df4d2742a72527f2d856bc?s=96&d=mm&r=g","url":"https:\/\/secure.gravatar.com\/avatar\/91c390ff7e30b9a3a67eba3d6f93b1d7570941b775df4d2742a72527f2d856bc?s=96&d=mm&r=g","contentUrl":"https:\/\/secure.gravatar.com\/avatar\/91c390ff7e30b9a3a67eba3d6f93b1d7570941b775df4d2742a72527f2d856bc?s=96&d=mm&r=g","caption":"Aksa"},"url":"https:\/\/gileaddigital.com\/nattika\/blogs\/author\/aksa\/"}]}},"lang":"de","translations":{"de":6300,"en":6362},"pll_sync_post":[],"_links":{"self":[{"href":"https:\/\/gileaddigital.com\/nattika\/wp-json\/wp\/v2\/posts\/6300","targetHints":{"allow":["GET"]}}],"collection":[{"href":"https:\/\/gileaddigital.com\/nattika\/wp-json\/wp\/v2\/posts"}],"about":[{"href":"https:\/\/gileaddigital.com\/nattika\/wp-json\/wp\/v2\/types\/post"}],"author":[{"embeddable":true,"href":"https:\/\/gileaddigital.com\/nattika\/wp-json\/wp\/v2\/users\/3"}],"replies":[{"embeddable":true,"href":"https:\/\/gileaddigital.com\/nattika\/wp-json\/wp\/v2\/comments?post=6300"}],"version-history":[{"count":56,"href":"https:\/\/gileaddigital.com\/nattika\/wp-json\/wp\/v2\/posts\/6300\/revisions"}],"predecessor-version":[{"id":6407,"href":"https:\/\/gileaddigital.com\/nattika\/wp-json\/wp\/v2\/posts\/6300\/revisions\/6407"}],"wp:featuredmedia":[{"embeddable":true,"href":"https:\/\/gileaddigital.com\/nattika\/wp-json\/wp\/v2\/media\/6302"}],"wp:attachment":[{"href":"https:\/\/gileaddigital.com\/nattika\/wp-json\/wp\/v2\/media?parent=6300"}],"wp:term":[{"taxonomy":"category","embeddable":true,"href":"https:\/\/gileaddigital.com\/nattika\/wp-json\/wp\/v2\/categories?post=6300"},{"taxonomy":"post_tag","embeddable":true,"href":"https:\/\/gileaddigital.com\/nattika\/wp-json\/wp\/v2\/tags?post=6300"}],"curies":[{"name":"wp","href":"https:\/\/api.w.org\/{rel}","templated":true}]}}