{"id":3351,"date":"2024-11-15T07:41:26","date_gmt":"2024-11-15T07:41:26","guid":{"rendered":"https:\/\/gileaddigital.com\/nattika\/?p=3351"},"modified":"2025-06-25T11:42:39","modified_gmt":"2025-06-25T11:42:39","slug":"yoga-wochenend-retreat-in-der-nahe-von-park-am-see","status":"publish","type":"post","link":"https:\/\/gileaddigital.com\/nattika\/blogs\/yoga-wochenend-retreat-in-der-nahe-von-park-am-see\/","title":{"rendered":"Yoga-Wochenend-Retreat in der N\u00e4he von Park am See"},"content":{"rendered":"\t\t<div data-elementor-type=\"wp-post\" data-elementor-id=\"3351\" class=\"elementor elementor-3351\" data-elementor-post-type=\"post\">\n\t\t\t\t<div class=\"elementor-element elementor-element-cde46b1 e-flex e-con-boxed e-con e-parent\" data-id=\"cde46b1\" data-element_type=\"container\" data-e-type=\"container\">\n\t\t\t\t\t<div class=\"e-con-inner\">\n\t\t<div class=\"elementor-element elementor-element-0e7cd74 e-con-full e-flex e-con e-child\" data-id=\"0e7cd74\" data-element_type=\"container\" data-e-type=\"container\">\n\t\t\t\t<div class=\"elementor-element elementor-element-b3377c8 elementor-widget elementor-widget-text-editor\" data-id=\"b3377c8\" data-element_type=\"widget\" data-e-type=\"widget\" data-widget_type=\"text-editor.default\">\n\t\t\t\t<div class=\"elementor-widget-container\">\n\t\t\t\t\t\t\t\t\t<h3><b>Yoga-Wochenend-Retreat in der N\u00e4he von Park am See\u00a0<\/b><\/h3>\n<p align=\"justify\">Die perfekte Zeit, um der Hektik des Alltags zu entfliehen und Entspannung, Verj\u00fcngung und Ausgeglichenheit zu finden, ist ein Yoga-Wochenende im Park am See. Dieses Retreat ist f\u00fcr Anf\u00e4nger und Fortgeschrittene gleicherma\u00dfen geeignet, umgeben von der ruhigen und idyllischen Natur Mecklenburg-Vorpommerns.<\/p>\n\n<h3><b>Warum ein Yoga-Wochenende planen?<\/b><\/h3>\n<p align=\"justify\">Ein Yoga-Wochenende entf\u00fchrt in die Welt des Aussteigens aus dem Alltag und der Konzentration auf\u00a0<a href=\"https:\/\/gileaddigital.com\/nattika\/heilung-von-korper-geist-und-seele-deutschland\/\">K\u00f6rper, Geist und Seele<\/a>. Regelm\u00e4\u00dfiges Yoga, kombiniert mit gef\u00fchrten Meditationen und Atemtechniken, hilft zu entspannen und inneren Frieden zu schaffen.<\/p>\n\n<h3><b>Yoga-Retreat in der N\u00e4he des Parks am See<\/b><\/h3>\nDas Retreat befindet sich in der N\u00e4he des historischen Schlossparks Alt Rehse und bietet:\n<ul>\n \t<li>Professionelle Yogalehrer mit internationaler Erfahrung<\/li>\n \t<li>Ganzheitliche Ayurveda-Mahlzeiten zur Erg\u00e4nzung Ihrer\u00a0<a href=\"https:\/\/gileaddigital.com\/nattika\/yoga\/\">Yogapraxis<\/a><\/li>\n \t<li>Naturwanderungen und Meditationswege im Park am See<\/li>\n<\/ul>\t\t\t\t\t\t\t\t<\/div>\n\t\t\t\t<\/div>\n\t\t\t\t<\/div>\n\t\t<div class=\"elementor-element elementor-element-c354a00 e-con-full e-flex e-con e-child\" data-id=\"c354a00\" data-element_type=\"container\" data-e-type=\"container\">\n\t\t\t\t<div class=\"elementor-element elementor-element-150c03f elementor-widget elementor-widget-image\" data-id=\"150c03f\" data-element_type=\"widget\" data-e-type=\"widget\" data-widget_type=\"image.default\">\n\t\t\t\t<div class=\"elementor-widget-container\">\n\t\t\t\t\t\t\t\t\t\t\t\t\t\t\t<img fetchpriority=\"high\" decoding=\"async\" width=\"538\" height=\"606\" src=\"https:\/\/gileaddigital.com\/nattika\/wp-content\/uploads\/2024\/12\/Yoga-Weekend-Retreat.webp\" class=\"attachment-large size-large wp-image-3355\" alt=\"Yoga Weekend Retreat\" srcset=\"https:\/\/gileaddigital.com\/nattika\/wp-content\/uploads\/2024\/12\/Yoga-Weekend-Retreat.webp 538w, https:\/\/gileaddigital.com\/nattika\/wp-content\/uploads\/2024\/12\/Yoga-Weekend-Retreat-266x300.webp 266w\" sizes=\"(max-width: 538px) 100vw, 538px\" \/>\t\t\t\t\t\t\t\t\t\t\t\t\t\t\t<\/div>\n\t\t\t\t<\/div>\n\t\t\t\t<\/div>\n\t\t\t\t\t<\/div>\n\t\t\t\t<\/div>\n\t\t<div class=\"elementor-element elementor-element-8bb8247 e-flex e-con-boxed e-con e-parent\" data-id=\"8bb8247\" data-element_type=\"container\" data-e-type=\"container\">\n\t\t\t\t\t<div class=\"e-con-inner\">\n\t\t\t\t<div class=\"elementor-element elementor-element-49b2e45 elementor-widget elementor-widget-text-editor\" data-id=\"49b2e45\" data-element_type=\"widget\" data-e-type=\"widget\" data-widget_type=\"text-editor.default\">\n\t\t\t\t<div class=\"elementor-widget-container\">\n\t\t\t\t\t\t\t\t\t<h3><b>Yoga und Ayurveda: Eine perfekte Kombination<\/b><\/h3>\n<p align=\"justify\">Kombinieren Sie Ihr Yoga-Wochenende mit einer Yoga-Kur oder einer\u00a0<a href=\"https:\/\/gileaddigital.com\/nattika\/\">Ayurveda-Kur in Deutschland<\/a>\u00a0und erleben Sie die wohltuende Wirkung von Entgiftung und tiefgreifender Regeneration. Die Kombination aus Yoga,\u00a0<a href=\"https:\/\/gileaddigital.com\/nattika\/behandlungsraum\/\">ayurvedischen Behandlungen<\/a>\u00a0und Entspannungstechniken unterst\u00fctzt nicht nur die k\u00f6rperliche Entgiftung, sondern f\u00f6rdert auch die emotionale Ausgeglichenheit und geistige Klarheit.<\/p>\n\n<h3><b>Wellness im Winter<\/b><\/h3>\n<p align=\"justify\">Gerade in der kalten Jahreszeit bietet ein Yoga-Wochenende eine hervorragende M\u00f6glichkeit, das Immunsystem zu st\u00e4rken und sich auf die Wintermonate vorzubereiten. Genie\u00dfen Sie die ruhige Atmosph\u00e4re im Park am See und entdecken Sie Wellness-Angebote, die K\u00f6rper und Geist gleicherma\u00dfen n\u00e4hren. Yoga, Ayurveda und die nat\u00fcrliche Umgebung machen dieses Retreat zu einem ganzheitlichen Erlebnis f\u00fcr alle, die Ruhe und Erholung suchen.<\/p>\t\t\t\t\t\t\t\t<\/div>\n\t\t\t\t<\/div>\n\t\t\t\t\t<\/div>\n\t\t\t\t<\/div>\n\t\t\t\t<\/div>\n\t\t","protected":false},"excerpt":{"rendered":"Yoga-Wochenend-Retreat in der N\u00e4he von Park am See\u00a0 Die perfekte Zeit, um der Hektik des Alltags zu entfliehen und Entspannung, Verj\u00fcngung und Ausgeglichenheit zu finden, ist ein Yoga-Wochenende im Park am See. Dieses Retreat ist f\u00fcr Anf\u00e4nger und Fortgeschrittene gleicherma\u00dfen geeignet, umgeben von der ruhigen und idyllischen Natur Mecklenburg-Vorpommerns. Warum ein Yoga-Wochenende planen? Ein Yoga-Wochenende [&hellip;]","protected":false},"author":2,"featured_media":3352,"comment_status":"closed","ping_status":"open","sticky":false,"template":"single-staff.php","format":"standard","meta":{"footnotes":""},"categories":[74],"tags":[],"class_list":["post-3351","post","type-post","status-publish","format-standard","has-post-thumbnail","hentry","category-yoga"],"yoast_head":"<!-- This site is optimized with the Yoast SEO plugin v27.4 - https:\/\/yoast.com\/product\/yoast-seo-wordpress\/ -->\n<title>Yoga Wochenend Retreat | Park Am See<\/title>\n<meta name=\"description\" content=\"Entspannen Sie sich bei einem ruhigen Yoga-Wochenende in der N\u00e4he von Park am See. Genie\u00dfen Sie Wellness, Ruhe und authentisches Ayurveda am ruhigen Seeufer.\" \/>\n<meta name=\"robots\" content=\"index, follow, max-snippet:-1, max-image-preview:large, max-video-preview:-1\" \/>\n<link rel=\"canonical\" href=\"https:\/\/gileaddigital.com\/nattika\/blogs\/yoga-wochenend-retreat-in-der-nahe-von-park-am-see\/\" \/>\n<meta property=\"og:locale\" content=\"en_US\" \/>\n<meta property=\"og:type\" content=\"article\" \/>\n<meta property=\"og:title\" content=\"Yoga Wochenend Retreat | Park Am See\" \/>\n<meta property=\"og:description\" content=\"Entspannen Sie sich bei einem ruhigen Yoga-Wochenende in der N\u00e4he von Park am See. Genie\u00dfen Sie Wellness, Ruhe und authentisches Ayurveda am ruhigen Seeufer.\" \/>\n<meta property=\"og:url\" content=\"https:\/\/gileaddigital.com\/nattika\/blogs\/yoga-wochenend-retreat-in-der-nahe-von-park-am-see\/\" \/>\n<meta property=\"og:site_name\" content=\"Park Am See Nattika\" \/>\n<meta property=\"article:publisher\" content=\"https:\/\/www.facebook.com\/profile.php?id=61553061548393&amp;mibextid=ZbWKwL\" \/>\n<meta property=\"article:published_time\" content=\"2024-11-15T07:41:26+00:00\" \/>\n<meta property=\"article:modified_time\" content=\"2025-06-25T11:42:39+00:00\" \/>\n<meta property=\"og:image\" content=\"https:\/\/gileaddigital.com\/nattika\/wp-content\/uploads\/2024\/12\/Yoga-Weekend-feature-png.webp\" \/>\n\t<meta property=\"og:image:width\" content=\"900\" \/>\n\t<meta property=\"og:image:height\" content=\"653\" \/>\n\t<meta property=\"og:image:type\" content=\"image\/png\" \/>\n<meta name=\"author\" content=\"park-amsee-admn\" \/>\n<meta name=\"twitter:card\" content=\"summary_large_image\" \/>\n<meta name=\"twitter:label1\" content=\"Written by\" \/>\n\t<meta name=\"twitter:data1\" content=\"park-amsee-admn\" \/>\n\t<meta name=\"twitter:label2\" content=\"Est. reading time\" \/>\n\t<meta name=\"twitter:data2\" content=\"2 minutes\" \/>\n<script type=\"application\/ld+json\" class=\"yoast-schema-graph\">{\"@context\":\"https:\\\/\\\/schema.org\",\"@graph\":[{\"@type\":\"Article\",\"@id\":\"https:\\\/\\\/gileaddigital.com\\\/nattika\\\/blogs\\\/yoga-wochenend-retreat-in-der-nahe-von-park-am-see\\\/#article\",\"isPartOf\":{\"@id\":\"https:\\\/\\\/gileaddigital.com\\\/nattika\\\/blogs\\\/yoga-wochenend-retreat-in-der-nahe-von-park-am-see\\\/\"},\"author\":{\"name\":\"park-amsee-admn\",\"@id\":\"https:\\\/\\\/gileaddigital.com\\\/nattika\\\/#\\\/schema\\\/person\\\/3974e8b2645b538df1de7e1b2acd20fd\"},\"headline\":\"Yoga-Wochenend-Retreat in der N\u00e4he von Park am See\",\"datePublished\":\"2024-11-15T07:41:26+00:00\",\"dateModified\":\"2025-06-25T11:42:39+00:00\",\"mainEntityOfPage\":{\"@id\":\"https:\\\/\\\/gileaddigital.com\\\/nattika\\\/blogs\\\/yoga-wochenend-retreat-in-der-nahe-von-park-am-see\\\/\"},\"wordCount\":276,\"publisher\":{\"@id\":\"https:\\\/\\\/gileaddigital.com\\\/nattika\\\/#organization\"},\"image\":{\"@id\":\"https:\\\/\\\/gileaddigital.com\\\/nattika\\\/blogs\\\/yoga-wochenend-retreat-in-der-nahe-von-park-am-see\\\/#primaryimage\"},\"thumbnailUrl\":\"https:\\\/\\\/gileaddigital.com\\\/nattika\\\/wp-content\\\/uploads\\\/2024\\\/12\\\/Yoga-Weekend-feature-png.webp\",\"articleSection\":[\"Yoga\"],\"inLanguage\":\"en-US\"},{\"@type\":\"WebPage\",\"@id\":\"https:\\\/\\\/gileaddigital.com\\\/nattika\\\/blogs\\\/yoga-wochenend-retreat-in-der-nahe-von-park-am-see\\\/\",\"url\":\"https:\\\/\\\/gileaddigital.com\\\/nattika\\\/blogs\\\/yoga-wochenend-retreat-in-der-nahe-von-park-am-see\\\/\",\"name\":\"Yoga Wochenend Retreat | Park Am See\",\"isPartOf\":{\"@id\":\"https:\\\/\\\/gileaddigital.com\\\/nattika\\\/#website\"},\"primaryImageOfPage\":{\"@id\":\"https:\\\/\\\/gileaddigital.com\\\/nattika\\\/blogs\\\/yoga-wochenend-retreat-in-der-nahe-von-park-am-see\\\/#primaryimage\"},\"image\":{\"@id\":\"https:\\\/\\\/gileaddigital.com\\\/nattika\\\/blogs\\\/yoga-wochenend-retreat-in-der-nahe-von-park-am-see\\\/#primaryimage\"},\"thumbnailUrl\":\"https:\\\/\\\/gileaddigital.com\\\/nattika\\\/wp-content\\\/uploads\\\/2024\\\/12\\\/Yoga-Weekend-feature-png.webp\",\"datePublished\":\"2024-11-15T07:41:26+00:00\",\"dateModified\":\"2025-06-25T11:42:39+00:00\",\"description\":\"Entspannen Sie sich bei einem ruhigen Yoga-Wochenende in der N\u00e4he von Park am See. Genie\u00dfen Sie Wellness, Ruhe und authentisches Ayurveda am ruhigen Seeufer.\",\"breadcrumb\":{\"@id\":\"https:\\\/\\\/gileaddigital.com\\\/nattika\\\/blogs\\\/yoga-wochenend-retreat-in-der-nahe-von-park-am-see\\\/#breadcrumb\"},\"inLanguage\":\"en-US\",\"potentialAction\":[{\"@type\":\"ReadAction\",\"target\":[\"https:\\\/\\\/gileaddigital.com\\\/nattika\\\/blogs\\\/yoga-wochenend-retreat-in-der-nahe-von-park-am-see\\\/\"]}]},{\"@type\":\"ImageObject\",\"inLanguage\":\"en-US\",\"@id\":\"https:\\\/\\\/gileaddigital.com\\\/nattika\\\/blogs\\\/yoga-wochenend-retreat-in-der-nahe-von-park-am-see\\\/#primaryimage\",\"url\":\"https:\\\/\\\/gileaddigital.com\\\/nattika\\\/wp-content\\\/uploads\\\/2024\\\/12\\\/Yoga-Weekend-feature-png.webp\",\"contentUrl\":\"https:\\\/\\\/gileaddigital.com\\\/nattika\\\/wp-content\\\/uploads\\\/2024\\\/12\\\/Yoga-Weekend-feature-png.webp\",\"width\":900,\"height\":653,\"caption\":\"Yoga Weekend feature\"},{\"@type\":\"BreadcrumbList\",\"@id\":\"https:\\\/\\\/gileaddigital.com\\\/nattika\\\/blogs\\\/yoga-wochenend-retreat-in-der-nahe-von-park-am-see\\\/#breadcrumb\",\"itemListElement\":[{\"@type\":\"ListItem\",\"position\":1,\"name\":\"Home\",\"item\":\"https:\\\/\\\/gileaddigital.com\\\/nattika\\\/\"},{\"@type\":\"ListItem\",\"position\":2,\"name\":\"Yoga-Wochenend-Retreat in der N\u00e4he von Park am See\"}]},{\"@type\":\"WebSite\",\"@id\":\"https:\\\/\\\/gileaddigital.com\\\/nattika\\\/#website\",\"url\":\"https:\\\/\\\/gileaddigital.com\\\/nattika\\\/\",\"name\":\"Park Am See Nattika\",\"description\":\"Ayurveda Kur in Deutschland - Authentisches Retreat Park am See\",\"publisher\":{\"@id\":\"https:\\\/\\\/gileaddigital.com\\\/nattika\\\/#organization\"},\"potentialAction\":[{\"@type\":\"SearchAction\",\"target\":{\"@type\":\"EntryPoint\",\"urlTemplate\":\"https:\\\/\\\/gileaddigital.com\\\/nattika\\\/?s={search_term_string}\"},\"query-input\":{\"@type\":\"PropertyValueSpecification\",\"valueRequired\":true,\"valueName\":\"search_term_string\"}}],\"inLanguage\":\"en-US\"},{\"@type\":\"Organization\",\"@id\":\"https:\\\/\\\/gileaddigital.com\\\/nattika\\\/#organization\",\"name\":\"Park Am See Nattika\",\"url\":\"https:\\\/\\\/gileaddigital.com\\\/nattika\\\/\",\"logo\":{\"@type\":\"ImageObject\",\"inLanguage\":\"en-US\",\"@id\":\"https:\\\/\\\/gileaddigital.com\\\/nattika\\\/#\\\/schema\\\/logo\\\/image\\\/\",\"url\":\"https:\\\/\\\/gileaddigital.com\\\/nattika\\\/wp-content\\\/uploads\\\/2024\\\/12\\\/favicon-png.webp\",\"contentUrl\":\"https:\\\/\\\/gileaddigital.com\\\/nattika\\\/wp-content\\\/uploads\\\/2024\\\/12\\\/favicon-png.webp\",\"width\":32,\"height\":32,\"caption\":\"Park Am See Nattika\"},\"image\":{\"@id\":\"https:\\\/\\\/gileaddigital.com\\\/nattika\\\/#\\\/schema\\\/logo\\\/image\\\/\"},\"sameAs\":[\"https:\\\/\\\/www.facebook.com\\\/profile.php?id=61553061548393&mibextid=ZbWKwL\",\"https:\\\/\\\/www.instagram.com\\\/park.am.see.nattika\\\/\",\"https:\\\/\\\/www.youtube.com\\\/watch?v=dD89haX2moo\"]},{\"@type\":\"Person\",\"@id\":\"https:\\\/\\\/gileaddigital.com\\\/nattika\\\/#\\\/schema\\\/person\\\/3974e8b2645b538df1de7e1b2acd20fd\",\"name\":\"park-amsee-admn\",\"image\":{\"@type\":\"ImageObject\",\"inLanguage\":\"en-US\",\"@id\":\"https:\\\/\\\/secure.gravatar.com\\\/avatar\\\/207a1f390b07c7481f9d7ea54e215c4af3ef7dc412596c7baf7b9074c9ac14ad?s=96&d=mm&r=g\",\"url\":\"https:\\\/\\\/secure.gravatar.com\\\/avatar\\\/207a1f390b07c7481f9d7ea54e215c4af3ef7dc412596c7baf7b9074c9ac14ad?s=96&d=mm&r=g\",\"contentUrl\":\"https:\\\/\\\/secure.gravatar.com\\\/avatar\\\/207a1f390b07c7481f9d7ea54e215c4af3ef7dc412596c7baf7b9074c9ac14ad?s=96&d=mm&r=g\",\"caption\":\"park-amsee-admn\"},\"url\":\"https:\\\/\\\/gileaddigital.com\\\/nattika\\\/blogs\\\/author\\\/park-amsee-admn\\\/\"}]}<\/script>\n<!-- \/ Yoast SEO plugin. -->","yoast_head_json":{"title":"Yoga Wochenend Retreat | Park Am See","description":"Entspannen Sie sich bei einem ruhigen Yoga-Wochenende in der N\u00e4he von Park am See. Genie\u00dfen Sie Wellness, Ruhe und authentisches Ayurveda am ruhigen Seeufer.","robots":{"index":"index","follow":"follow","max-snippet":"max-snippet:-1","max-image-preview":"max-image-preview:large","max-video-preview":"max-video-preview:-1"},"canonical":"https:\/\/gileaddigital.com\/nattika\/blogs\/yoga-wochenend-retreat-in-der-nahe-von-park-am-see\/","og_locale":"en_US","og_type":"article","og_title":"Yoga Wochenend Retreat | Park Am See","og_description":"Entspannen Sie sich bei einem ruhigen Yoga-Wochenende in der N\u00e4he von Park am See. Genie\u00dfen Sie Wellness, Ruhe und authentisches Ayurveda am ruhigen Seeufer.","og_url":"https:\/\/gileaddigital.com\/nattika\/blogs\/yoga-wochenend-retreat-in-der-nahe-von-park-am-see\/","og_site_name":"Park Am See Nattika","article_publisher":"https:\/\/www.facebook.com\/profile.php?id=61553061548393&mibextid=ZbWKwL","article_published_time":"2024-11-15T07:41:26+00:00","article_modified_time":"2025-06-25T11:42:39+00:00","og_image":[{"width":900,"height":653,"url":"https:\/\/gileaddigital.com\/nattika\/wp-content\/uploads\/2024\/12\/Yoga-Weekend-feature-png.webp","type":"image\/png"}],"author":"park-amsee-admn","twitter_card":"summary_large_image","twitter_misc":{"Written by":"park-amsee-admn","Est. reading time":"2 minutes"},"schema":{"@context":"https:\/\/schema.org","@graph":[{"@type":"Article","@id":"https:\/\/gileaddigital.com\/nattika\/blogs\/yoga-wochenend-retreat-in-der-nahe-von-park-am-see\/#article","isPartOf":{"@id":"https:\/\/gileaddigital.com\/nattika\/blogs\/yoga-wochenend-retreat-in-der-nahe-von-park-am-see\/"},"author":{"name":"park-amsee-admn","@id":"https:\/\/gileaddigital.com\/nattika\/#\/schema\/person\/3974e8b2645b538df1de7e1b2acd20fd"},"headline":"Yoga-Wochenend-Retreat in der N\u00e4he von Park am See","datePublished":"2024-11-15T07:41:26+00:00","dateModified":"2025-06-25T11:42:39+00:00","mainEntityOfPage":{"@id":"https:\/\/gileaddigital.com\/nattika\/blogs\/yoga-wochenend-retreat-in-der-nahe-von-park-am-see\/"},"wordCount":276,"publisher":{"@id":"https:\/\/gileaddigital.com\/nattika\/#organization"},"image":{"@id":"https:\/\/gileaddigital.com\/nattika\/blogs\/yoga-wochenend-retreat-in-der-nahe-von-park-am-see\/#primaryimage"},"thumbnailUrl":"https:\/\/gileaddigital.com\/nattika\/wp-content\/uploads\/2024\/12\/Yoga-Weekend-feature-png.webp","articleSection":["Yoga"],"inLanguage":"en-US"},{"@type":"WebPage","@id":"https:\/\/gileaddigital.com\/nattika\/blogs\/yoga-wochenend-retreat-in-der-nahe-von-park-am-see\/","url":"https:\/\/gileaddigital.com\/nattika\/blogs\/yoga-wochenend-retreat-in-der-nahe-von-park-am-see\/","name":"Yoga Wochenend Retreat | Park Am See","isPartOf":{"@id":"https:\/\/gileaddigital.com\/nattika\/#website"},"primaryImageOfPage":{"@id":"https:\/\/gileaddigital.com\/nattika\/blogs\/yoga-wochenend-retreat-in-der-nahe-von-park-am-see\/#primaryimage"},"image":{"@id":"https:\/\/gileaddigital.com\/nattika\/blogs\/yoga-wochenend-retreat-in-der-nahe-von-park-am-see\/#primaryimage"},"thumbnailUrl":"https:\/\/gileaddigital.com\/nattika\/wp-content\/uploads\/2024\/12\/Yoga-Weekend-feature-png.webp","datePublished":"2024-11-15T07:41:26+00:00","dateModified":"2025-06-25T11:42:39+00:00","description":"Entspannen Sie sich bei einem ruhigen Yoga-Wochenende in der N\u00e4he von Park am See. Genie\u00dfen Sie Wellness, Ruhe und authentisches Ayurveda am ruhigen Seeufer.","breadcrumb":{"@id":"https:\/\/gileaddigital.com\/nattika\/blogs\/yoga-wochenend-retreat-in-der-nahe-von-park-am-see\/#breadcrumb"},"inLanguage":"en-US","potentialAction":[{"@type":"ReadAction","target":["https:\/\/gileaddigital.com\/nattika\/blogs\/yoga-wochenend-retreat-in-der-nahe-von-park-am-see\/"]}]},{"@type":"ImageObject","inLanguage":"en-US","@id":"https:\/\/gileaddigital.com\/nattika\/blogs\/yoga-wochenend-retreat-in-der-nahe-von-park-am-see\/#primaryimage","url":"https:\/\/gileaddigital.com\/nattika\/wp-content\/uploads\/2024\/12\/Yoga-Weekend-feature-png.webp","contentUrl":"https:\/\/gileaddigital.com\/nattika\/wp-content\/uploads\/2024\/12\/Yoga-Weekend-feature-png.webp","width":900,"height":653,"caption":"Yoga Weekend feature"},{"@type":"BreadcrumbList","@id":"https:\/\/gileaddigital.com\/nattika\/blogs\/yoga-wochenend-retreat-in-der-nahe-von-park-am-see\/#breadcrumb","itemListElement":[{"@type":"ListItem","position":1,"name":"Home","item":"https:\/\/gileaddigital.com\/nattika\/"},{"@type":"ListItem","position":2,"name":"Yoga-Wochenend-Retreat in der N\u00e4he von Park am See"}]},{"@type":"WebSite","@id":"https:\/\/gileaddigital.com\/nattika\/#website","url":"https:\/\/gileaddigital.com\/nattika\/","name":"Park Am See Nattika","description":"Ayurveda Kur in Deutschland - Authentisches Retreat Park am See","publisher":{"@id":"https:\/\/gileaddigital.com\/nattika\/#organization"},"potentialAction":[{"@type":"SearchAction","target":{"@type":"EntryPoint","urlTemplate":"https:\/\/gileaddigital.com\/nattika\/?s={search_term_string}"},"query-input":{"@type":"PropertyValueSpecification","valueRequired":true,"valueName":"search_term_string"}}],"inLanguage":"en-US"},{"@type":"Organization","@id":"https:\/\/gileaddigital.com\/nattika\/#organization","name":"Park Am See Nattika","url":"https:\/\/gileaddigital.com\/nattika\/","logo":{"@type":"ImageObject","inLanguage":"en-US","@id":"https:\/\/gileaddigital.com\/nattika\/#\/schema\/logo\/image\/","url":"https:\/\/gileaddigital.com\/nattika\/wp-content\/uploads\/2024\/12\/favicon-png.webp","contentUrl":"https:\/\/gileaddigital.com\/nattika\/wp-content\/uploads\/2024\/12\/favicon-png.webp","width":32,"height":32,"caption":"Park Am See Nattika"},"image":{"@id":"https:\/\/gileaddigital.com\/nattika\/#\/schema\/logo\/image\/"},"sameAs":["https:\/\/www.facebook.com\/profile.php?id=61553061548393&mibextid=ZbWKwL","https:\/\/www.instagram.com\/park.am.see.nattika\/","https:\/\/www.youtube.com\/watch?v=dD89haX2moo"]},{"@type":"Person","@id":"https:\/\/gileaddigital.com\/nattika\/#\/schema\/person\/3974e8b2645b538df1de7e1b2acd20fd","name":"park-amsee-admn","image":{"@type":"ImageObject","inLanguage":"en-US","@id":"https:\/\/secure.gravatar.com\/avatar\/207a1f390b07c7481f9d7ea54e215c4af3ef7dc412596c7baf7b9074c9ac14ad?s=96&d=mm&r=g","url":"https:\/\/secure.gravatar.com\/avatar\/207a1f390b07c7481f9d7ea54e215c4af3ef7dc412596c7baf7b9074c9ac14ad?s=96&d=mm&r=g","contentUrl":"https:\/\/secure.gravatar.com\/avatar\/207a1f390b07c7481f9d7ea54e215c4af3ef7dc412596c7baf7b9074c9ac14ad?s=96&d=mm&r=g","caption":"park-amsee-admn"},"url":"https:\/\/gileaddigital.com\/nattika\/blogs\/author\/park-amsee-admn\/"}]}},"lang":"de","translations":{"de":3351,"en":3381},"pll_sync_post":[],"_links":{"self":[{"href":"https:\/\/gileaddigital.com\/nattika\/wp-json\/wp\/v2\/posts\/3351","targetHints":{"allow":["GET"]}}],"collection":[{"href":"https:\/\/gileaddigital.com\/nattika\/wp-json\/wp\/v2\/posts"}],"about":[{"href":"https:\/\/gileaddigital.com\/nattika\/wp-json\/wp\/v2\/types\/post"}],"author":[{"embeddable":true,"href":"https:\/\/gileaddigital.com\/nattika\/wp-json\/wp\/v2\/users\/2"}],"replies":[{"embeddable":true,"href":"https:\/\/gileaddigital.com\/nattika\/wp-json\/wp\/v2\/comments?post=3351"}],"version-history":[{"count":28,"href":"https:\/\/gileaddigital.com\/nattika\/wp-json\/wp\/v2\/posts\/3351\/revisions"}],"predecessor-version":[{"id":5253,"href":"https:\/\/gileaddigital.com\/nattika\/wp-json\/wp\/v2\/posts\/3351\/revisions\/5253"}],"wp:featuredmedia":[{"embeddable":true,"href":"https:\/\/gileaddigital.com\/nattika\/wp-json\/wp\/v2\/media\/3352"}],"wp:attachment":[{"href":"https:\/\/gileaddigital.com\/nattika\/wp-json\/wp\/v2\/media?parent=3351"}],"wp:term":[{"taxonomy":"category","embeddable":true,"href":"https:\/\/gileaddigital.com\/nattika\/wp-json\/wp\/v2\/categories?post=3351"},{"taxonomy":"post_tag","embeddable":true,"href":"https:\/\/gileaddigital.com\/nattika\/wp-json\/wp\/v2\/tags?post=3351"}],"curies":[{"name":"wp","href":"https:\/\/api.w.org\/{rel}","templated":true}]}}