{"id":2333,"date":"2024-06-21T11:31:44","date_gmt":"2024-06-21T11:31:44","guid":{"rendered":"https:\/\/wp.parkamseenattika.com\/?p=2333"},"modified":"2025-06-25T11:42:42","modified_gmt":"2025-06-25T11:42:42","slug":"internationalen-tag-des-yoga-2024","status":"publish","type":"post","link":"https:\/\/gileaddigital.com\/nattika\/blogs\/internationalen-tag-des-yoga-2024\/","title":{"rendered":"Yoga F\u00fcr Sich Selbst Und Die Gesellschaft: Retreats Zum Umarmen Im Jahr 2024"},"content":{"rendered":"<div class=\"row align-items-center\">\r\n                <div class=\"col-md-6\">\r\n                    <div class=\"heading-wrap element-animate\"><br>\r\n                        <p class=\"mb-5\" align=\"justify\">Im Jahr 2024, am 10. Internationalen Tag des Yoga, ist es ein guter Zeitpunkt, um \u00fcber die Zukunft des Yoga und die Vorteile von Yoga-Urlauben nachzudenken. Das diesj\u00e4hrige Thema Yoga f\u00fcr sich selbst und die Gesellschaft&#8221;zeigt, wie Yoga unsere Gesundheit und die Gesundheit unserer Gesellschaft verbessern kann.<\/p>\r\n<h2>Wozu Yoga-Retreats gut sind und warum es sie gibt\r\n<\/h2>\r\n<p align=\"justify\">Ein Yoga-Retreat soll ein Ort sein, an dem man dem Alltagsstress entfliehen und sich mehr auf seine Praxis und sich selbst konzentrieren kann. Der Hauptzweck dieser R\u00fcckzugsorte ist die F\u00f6rderung der allgemeinen Gesundheit, indem sie den Menschen einen R\u00fcckzugsort und Zeit zum Entspannen bieten, ohne von der Hektik des Alltags unterbrochen zu werden. Diese intensive Erfahrung hilft, sich seiner selbst bewusster zu werden, emotional zu heilen und spirituell zu wachsen. All diese Dinge f\u00fchren zu einem ausgeglicheneren und friedlicheren Leben.<\/p>\r\n<br><br><h2>Vorteile f\u00fcr Ihren K\u00f6rper und Geist\r\n<\/h2>\r\n<p align=\"justify\">Yoga-Retreats sind eine einmalige Gelegenheit, sich richtig ins Training zu st\u00fcrzen, was sich sehr positiv auf Ihre Flexibilit\u00e4t, Kraft und allgemeine Gesundheit auswirken kann. Ein Retreat mit mehreren Yogastunden pro Tag erm\u00f6glicht es, Yoga tiefer zu praktizieren, als es im Alltag normalerweise m\u00f6glich ist. Retreats sind nicht nur gut f\u00fcr Ihren K\u00f6rper, sondern auch friedliche Orte, die Ihnen helfen, klarer zu denken, sich weniger gestresst zu f\u00fchlen und sich besser zu konzentrieren. Diese geistige Erfrischung kann Ihnen helfen, bessere Entscheidungen zu treffen und das Leben besser zu sehen.<\/p>\r\n\r\n\r\n\r\n\r\n                        <\/p>\r\n                    <\/div>\r\n                <\/div>\r\n                <div class=\"col-md-6\" data-aos=\"fade-right\"> <img decoding=\"async\" src=\"https:\/\/gileaddigital.com\/nattika\/wp-content\/uploads\/2024\/12\/Yoga-day-2024.webp\" alt=\"Yoga Retreat\" class=\"img-fluid\"> <\/div>\r\n            <\/div>\r\n            <div class=\"row align-items-center\">\r\n                <!--<div class=\"col-md-6\" data-aos=\"fade-right\"> <img decoding=\"async\" src=\"\/assets\/img\/yoga_01.webp\"\r\n              alt=\"Image placeholder\" class=\"img-fluid\"> <\/div>\r\n          <div class=\"col-md-6\">-->\r\n                <div class=\"heading-wrap element-animate\">\r\n<h2>Spirituelles und emotionales Wachstum, Gemeinschaft und Verbindung<\/h2>\r\n                    <p align=\"justify\">In der unterst\u00fctzenden Umgebung eines Retreats k\u00f6nnen Sie heilen und Frieden finden. Spirituelle Praktiken wie Pranayama helfen Ihnen, sich mit Ihrem inneren Selbst zu verbinden, und Meditation und Achtsamkeit helfen Ihnen, mit Gef\u00fchlen umzugehen, mit denen Sie noch nicht fertig geworden sind. Retreats bringen auch Menschen mit \u00e4hnlichen Interessen zusammen, was zu einem starken Gemeinschaftsgef\u00fchl f\u00fchrt. Dieses Netzwerk der Unterst\u00fctzung kann Sie ermutigen, Ihre Praxis fortzusetzen und die guten Ver\u00e4nderungen, die Sie w\u00e4hrend des Retreats gemacht haben, beizubehalten.<\/p>\r\n<h2>Wie geht es mit Yoga weiter?<\/h2>\r\nYoga hat aufgrund der aktuellen Trends eine gro\u00dfe Zukunft vor sich:\r\n<ul><li><b>Using technology:<\/b>Virtuelle Lektionen und Apps machen Yoga \u00fcberall und jederzeit verf\u00fcgbar, was Ihnen hilft, mit Ihrer Praxis Schritt zu halten.<\/li>\r\n<li><b>Ganzheitliche Gesundheit:<\/b>Immer mehr Menschen erkennen, dass Yoga gut f\u00fcr die geistige und emotionale Gesundheit ist, und so wird es auch in Gesundheitsprogrammen eingesetzt.<\/li>\r\n<li><b>Eingliederung und Vielfalt<\/b>Es wird daran gearbeitet, dass Menschen mit den unterschiedlichsten F\u00e4higkeiten und Hintergr\u00fcnden Yoga machen k\u00f6nnen.\r\n<\/li><\/ul>\r\n<h2>Nehmen Sie an einem Yoga-Retreat f\u00fcr das Leben teil, um den Internationalen Yoga-Tag zu feiern.<\/h2>\r\n<p align=\"justify\">Der Internationale Yogatag steht unter dem Motto Yoga Self and Society. Das zeigt, wie Yoga Menschen aus verschiedenen L\u00e4ndern zusammenbringen und die Welt ges\u00fcnder und verbundener machen kann. Wenn Sie Ihr Leben ver\u00e4ndern wollen, sollten Sie vielleicht ein <a href=\"\/yoga\/\">Yoga-Retreat mit PARK AM SEE<\/a>\r\n\r\n Nattika Ayurveda machen, das traditionelles Yoga mit den Heilkr\u00e4ften des Ayurveda verbindet. Diese Auszeit im friedlichen Alt Rehse ist ein Weg, um abseits des Alltagsstresses zu tiefer Ruhe und Wohlbefinden zu finden. Asanas, Meditation und ayurvedische Behandlungen werden von erfahrenen Lehrern geleitet und sollen K\u00f6rper und Geist heilen und ins Gleichgewicht bringen.\r\n<br><br>Indem Sie einen Yoga-Urlaub machen und alle Vorteile des Yoga genie\u00dfen, k\u00f6nnen Sie Ihre eigene Gesundheit verbessern und dazu beitragen, die Welt zu einem besseren Ort f\u00fcr alle zu machen. Anl\u00e4sslich des 10. Internationalen Tages des Yoga sollten wir uns an die Bedeutung dieser uralten Praxis erinnern und uns verpflichten, sie zu nutzen, um die Welt ges\u00fcnder und friedlicher zu machen.\r\n\r\n                    <\/p>","protected":false},"excerpt":{"rendered":"Im Jahr 2024, am 10. Internationalen Tag des Yoga, ist es ein guter Zeitpunkt, um \u00fcber die Zukunft des Yoga und die Vorteile von Yoga-Urlauben nachzudenken. Das diesj\u00e4hrige Thema Yoga f\u00fcr sich selbst und die Gesellschaft&#8221;zeigt, wie Yoga unsere Gesundheit und die Gesundheit unserer Gesellschaft verbessern kann. Wozu Yoga-Retreats gut sind und warum es sie [&hellip;]","protected":false},"author":2,"featured_media":3206,"comment_status":"closed","ping_status":"open","sticky":false,"template":"single-staff.php","format":"standard","meta":{"footnotes":""},"categories":[74],"tags":[],"class_list":["post-2333","post","type-post","status-publish","format-standard","has-post-thumbnail","hentry","category-yoga"],"yoast_head":"<!-- This site is optimized with the Yoast SEO plugin v27.4 - https:\/\/yoast.com\/product\/yoast-seo-wordpress\/ -->\n<title>Yoga f\u00fcr sich selbst und die Gesellschaft | Retreats 2024<\/title>\n<meta name=\"description\" content=\"St\u00e4rken Sie K\u00f6rper und Geist mit Yoga-Retreats 2024. F\u00f6rdern Sie pers\u00f6nliches Wachstum und gesellschaftliches Wohlbefinden in inspirierenden Umgebungen.\" \/>\n<meta name=\"robots\" content=\"index, follow, max-snippet:-1, max-image-preview:large, max-video-preview:-1\" \/>\n<link rel=\"canonical\" href=\"https:\/\/gileaddigital.com\/nattika\/blogs\/internationalen-tag-des-yoga-2024\/\" \/>\n<meta property=\"og:locale\" content=\"en_US\" \/>\n<meta property=\"og:type\" content=\"article\" \/>\n<meta property=\"og:title\" content=\"Yoga f\u00fcr sich selbst und die Gesellschaft | Retreats 2024\" \/>\n<meta property=\"og:description\" content=\"St\u00e4rken Sie K\u00f6rper und Geist mit Yoga-Retreats 2024. F\u00f6rdern Sie pers\u00f6nliches Wachstum und gesellschaftliches Wohlbefinden in inspirierenden Umgebungen.\" \/>\n<meta property=\"og:url\" content=\"https:\/\/gileaddigital.com\/nattika\/blogs\/internationalen-tag-des-yoga-2024\/\" \/>\n<meta property=\"og:site_name\" content=\"Park Am See Nattika\" \/>\n<meta property=\"article:publisher\" content=\"https:\/\/www.facebook.com\/profile.php?id=61553061548393&amp;mibextid=ZbWKwL\" \/>\n<meta property=\"article:published_time\" content=\"2024-06-21T11:31:44+00:00\" \/>\n<meta property=\"article:modified_time\" content=\"2025-06-25T11:42:42+00:00\" \/>\n<meta property=\"og:image\" content=\"https:\/\/gileaddigital.com\/nattika\/wp-content\/uploads\/2024\/12\/yoga-for-self-feature.webp\" \/>\n\t<meta property=\"og:image:width\" content=\"900\" \/>\n\t<meta property=\"og:image:height\" content=\"653\" \/>\n\t<meta property=\"og:image:type\" content=\"image\/jpeg\" \/>\n<meta name=\"author\" content=\"park-amsee-admn\" \/>\n<meta name=\"twitter:card\" content=\"summary_large_image\" \/>\n<meta name=\"twitter:label1\" content=\"Written by\" \/>\n\t<meta name=\"twitter:data1\" content=\"park-amsee-admn\" \/>\n\t<meta name=\"twitter:label2\" content=\"Est. reading time\" \/>\n\t<meta name=\"twitter:data2\" content=\"3 minutes\" \/>\n<script type=\"application\/ld+json\" class=\"yoast-schema-graph\">{\"@context\":\"https:\\\/\\\/schema.org\",\"@graph\":[{\"@type\":\"Article\",\"@id\":\"https:\\\/\\\/gileaddigital.com\\\/nattika\\\/blogs\\\/internationalen-tag-des-yoga-2024\\\/#article\",\"isPartOf\":{\"@id\":\"https:\\\/\\\/gileaddigital.com\\\/nattika\\\/blogs\\\/internationalen-tag-des-yoga-2024\\\/\"},\"author\":{\"name\":\"park-amsee-admn\",\"@id\":\"https:\\\/\\\/gileaddigital.com\\\/nattika\\\/#\\\/schema\\\/person\\\/3974e8b2645b538df1de7e1b2acd20fd\"},\"headline\":\"Yoga F\u00fcr Sich Selbst Und Die Gesellschaft: Retreats Zum Umarmen Im Jahr 2024\",\"datePublished\":\"2024-06-21T11:31:44+00:00\",\"dateModified\":\"2025-06-25T11:42:42+00:00\",\"mainEntityOfPage\":{\"@id\":\"https:\\\/\\\/gileaddigital.com\\\/nattika\\\/blogs\\\/internationalen-tag-des-yoga-2024\\\/\"},\"wordCount\":616,\"publisher\":{\"@id\":\"https:\\\/\\\/gileaddigital.com\\\/nattika\\\/#organization\"},\"image\":{\"@id\":\"https:\\\/\\\/gileaddigital.com\\\/nattika\\\/blogs\\\/internationalen-tag-des-yoga-2024\\\/#primaryimage\"},\"thumbnailUrl\":\"https:\\\/\\\/gileaddigital.com\\\/nattika\\\/wp-content\\\/uploads\\\/2024\\\/12\\\/yoga-for-self-feature.webp\",\"articleSection\":[\"Yoga\"],\"inLanguage\":\"en-US\"},{\"@type\":\"WebPage\",\"@id\":\"https:\\\/\\\/gileaddigital.com\\\/nattika\\\/blogs\\\/internationalen-tag-des-yoga-2024\\\/\",\"url\":\"https:\\\/\\\/gileaddigital.com\\\/nattika\\\/blogs\\\/internationalen-tag-des-yoga-2024\\\/\",\"name\":\"Yoga f\u00fcr sich selbst und die Gesellschaft | Retreats 2024\",\"isPartOf\":{\"@id\":\"https:\\\/\\\/gileaddigital.com\\\/nattika\\\/#website\"},\"primaryImageOfPage\":{\"@id\":\"https:\\\/\\\/gileaddigital.com\\\/nattika\\\/blogs\\\/internationalen-tag-des-yoga-2024\\\/#primaryimage\"},\"image\":{\"@id\":\"https:\\\/\\\/gileaddigital.com\\\/nattika\\\/blogs\\\/internationalen-tag-des-yoga-2024\\\/#primaryimage\"},\"thumbnailUrl\":\"https:\\\/\\\/gileaddigital.com\\\/nattika\\\/wp-content\\\/uploads\\\/2024\\\/12\\\/yoga-for-self-feature.webp\",\"datePublished\":\"2024-06-21T11:31:44+00:00\",\"dateModified\":\"2025-06-25T11:42:42+00:00\",\"description\":\"St\u00e4rken Sie K\u00f6rper und Geist mit Yoga-Retreats 2024. F\u00f6rdern Sie pers\u00f6nliches Wachstum und gesellschaftliches Wohlbefinden in inspirierenden Umgebungen.\",\"breadcrumb\":{\"@id\":\"https:\\\/\\\/gileaddigital.com\\\/nattika\\\/blogs\\\/internationalen-tag-des-yoga-2024\\\/#breadcrumb\"},\"inLanguage\":\"en-US\",\"potentialAction\":[{\"@type\":\"ReadAction\",\"target\":[\"https:\\\/\\\/gileaddigital.com\\\/nattika\\\/blogs\\\/internationalen-tag-des-yoga-2024\\\/\"]}]},{\"@type\":\"ImageObject\",\"inLanguage\":\"en-US\",\"@id\":\"https:\\\/\\\/gileaddigital.com\\\/nattika\\\/blogs\\\/internationalen-tag-des-yoga-2024\\\/#primaryimage\",\"url\":\"https:\\\/\\\/gileaddigital.com\\\/nattika\\\/wp-content\\\/uploads\\\/2024\\\/12\\\/yoga-for-self-feature.webp\",\"contentUrl\":\"https:\\\/\\\/gileaddigital.com\\\/nattika\\\/wp-content\\\/uploads\\\/2024\\\/12\\\/yoga-for-self-feature.webp\",\"width\":900,\"height\":653,\"caption\":\"yoga for self feature\"},{\"@type\":\"BreadcrumbList\",\"@id\":\"https:\\\/\\\/gileaddigital.com\\\/nattika\\\/blogs\\\/internationalen-tag-des-yoga-2024\\\/#breadcrumb\",\"itemListElement\":[{\"@type\":\"ListItem\",\"position\":1,\"name\":\"Home\",\"item\":\"https:\\\/\\\/gileaddigital.com\\\/nattika\\\/\"},{\"@type\":\"ListItem\",\"position\":2,\"name\":\"Yoga F\u00fcr Sich Selbst Und Die Gesellschaft: Retreats Zum Umarmen Im Jahr 2024\"}]},{\"@type\":\"WebSite\",\"@id\":\"https:\\\/\\\/gileaddigital.com\\\/nattika\\\/#website\",\"url\":\"https:\\\/\\\/gileaddigital.com\\\/nattika\\\/\",\"name\":\"Park Am See Nattika\",\"description\":\"Ayurveda Kur in Deutschland - Authentisches Retreat Park am See\",\"publisher\":{\"@id\":\"https:\\\/\\\/gileaddigital.com\\\/nattika\\\/#organization\"},\"potentialAction\":[{\"@type\":\"SearchAction\",\"target\":{\"@type\":\"EntryPoint\",\"urlTemplate\":\"https:\\\/\\\/gileaddigital.com\\\/nattika\\\/?s={search_term_string}\"},\"query-input\":{\"@type\":\"PropertyValueSpecification\",\"valueRequired\":true,\"valueName\":\"search_term_string\"}}],\"inLanguage\":\"en-US\"},{\"@type\":\"Organization\",\"@id\":\"https:\\\/\\\/gileaddigital.com\\\/nattika\\\/#organization\",\"name\":\"Park Am See Nattika\",\"url\":\"https:\\\/\\\/gileaddigital.com\\\/nattika\\\/\",\"logo\":{\"@type\":\"ImageObject\",\"inLanguage\":\"en-US\",\"@id\":\"https:\\\/\\\/gileaddigital.com\\\/nattika\\\/#\\\/schema\\\/logo\\\/image\\\/\",\"url\":\"https:\\\/\\\/gileaddigital.com\\\/nattika\\\/wp-content\\\/uploads\\\/2024\\\/12\\\/favicon-png.webp\",\"contentUrl\":\"https:\\\/\\\/gileaddigital.com\\\/nattika\\\/wp-content\\\/uploads\\\/2024\\\/12\\\/favicon-png.webp\",\"width\":32,\"height\":32,\"caption\":\"Park Am See Nattika\"},\"image\":{\"@id\":\"https:\\\/\\\/gileaddigital.com\\\/nattika\\\/#\\\/schema\\\/logo\\\/image\\\/\"},\"sameAs\":[\"https:\\\/\\\/www.facebook.com\\\/profile.php?id=61553061548393&mibextid=ZbWKwL\",\"https:\\\/\\\/www.instagram.com\\\/park.am.see.nattika\\\/\",\"https:\\\/\\\/www.youtube.com\\\/watch?v=dD89haX2moo\"]},{\"@type\":\"Person\",\"@id\":\"https:\\\/\\\/gileaddigital.com\\\/nattika\\\/#\\\/schema\\\/person\\\/3974e8b2645b538df1de7e1b2acd20fd\",\"name\":\"park-amsee-admn\",\"image\":{\"@type\":\"ImageObject\",\"inLanguage\":\"en-US\",\"@id\":\"https:\\\/\\\/secure.gravatar.com\\\/avatar\\\/207a1f390b07c7481f9d7ea54e215c4af3ef7dc412596c7baf7b9074c9ac14ad?s=96&d=mm&r=g\",\"url\":\"https:\\\/\\\/secure.gravatar.com\\\/avatar\\\/207a1f390b07c7481f9d7ea54e215c4af3ef7dc412596c7baf7b9074c9ac14ad?s=96&d=mm&r=g\",\"contentUrl\":\"https:\\\/\\\/secure.gravatar.com\\\/avatar\\\/207a1f390b07c7481f9d7ea54e215c4af3ef7dc412596c7baf7b9074c9ac14ad?s=96&d=mm&r=g\",\"caption\":\"park-amsee-admn\"},\"url\":\"https:\\\/\\\/gileaddigital.com\\\/nattika\\\/blogs\\\/author\\\/park-amsee-admn\\\/\"}]}<\/script>\n<!-- \/ Yoast SEO plugin. -->","yoast_head_json":{"title":"Yoga f\u00fcr sich selbst und die Gesellschaft | Retreats 2024","description":"St\u00e4rken Sie K\u00f6rper und Geist mit Yoga-Retreats 2024. F\u00f6rdern Sie pers\u00f6nliches Wachstum und gesellschaftliches Wohlbefinden in inspirierenden Umgebungen.","robots":{"index":"index","follow":"follow","max-snippet":"max-snippet:-1","max-image-preview":"max-image-preview:large","max-video-preview":"max-video-preview:-1"},"canonical":"https:\/\/gileaddigital.com\/nattika\/blogs\/internationalen-tag-des-yoga-2024\/","og_locale":"en_US","og_type":"article","og_title":"Yoga f\u00fcr sich selbst und die Gesellschaft | Retreats 2024","og_description":"St\u00e4rken Sie K\u00f6rper und Geist mit Yoga-Retreats 2024. F\u00f6rdern Sie pers\u00f6nliches Wachstum und gesellschaftliches Wohlbefinden in inspirierenden Umgebungen.","og_url":"https:\/\/gileaddigital.com\/nattika\/blogs\/internationalen-tag-des-yoga-2024\/","og_site_name":"Park Am See Nattika","article_publisher":"https:\/\/www.facebook.com\/profile.php?id=61553061548393&mibextid=ZbWKwL","article_published_time":"2024-06-21T11:31:44+00:00","article_modified_time":"2025-06-25T11:42:42+00:00","og_image":[{"width":900,"height":653,"url":"https:\/\/gileaddigital.com\/nattika\/wp-content\/uploads\/2024\/12\/yoga-for-self-feature.webp","type":"image\/jpeg"}],"author":"park-amsee-admn","twitter_card":"summary_large_image","twitter_misc":{"Written by":"park-amsee-admn","Est. reading time":"3 minutes"},"schema":{"@context":"https:\/\/schema.org","@graph":[{"@type":"Article","@id":"https:\/\/gileaddigital.com\/nattika\/blogs\/internationalen-tag-des-yoga-2024\/#article","isPartOf":{"@id":"https:\/\/gileaddigital.com\/nattika\/blogs\/internationalen-tag-des-yoga-2024\/"},"author":{"name":"park-amsee-admn","@id":"https:\/\/gileaddigital.com\/nattika\/#\/schema\/person\/3974e8b2645b538df1de7e1b2acd20fd"},"headline":"Yoga F\u00fcr Sich Selbst Und Die Gesellschaft: Retreats Zum Umarmen Im Jahr 2024","datePublished":"2024-06-21T11:31:44+00:00","dateModified":"2025-06-25T11:42:42+00:00","mainEntityOfPage":{"@id":"https:\/\/gileaddigital.com\/nattika\/blogs\/internationalen-tag-des-yoga-2024\/"},"wordCount":616,"publisher":{"@id":"https:\/\/gileaddigital.com\/nattika\/#organization"},"image":{"@id":"https:\/\/gileaddigital.com\/nattika\/blogs\/internationalen-tag-des-yoga-2024\/#primaryimage"},"thumbnailUrl":"https:\/\/gileaddigital.com\/nattika\/wp-content\/uploads\/2024\/12\/yoga-for-self-feature.webp","articleSection":["Yoga"],"inLanguage":"en-US"},{"@type":"WebPage","@id":"https:\/\/gileaddigital.com\/nattika\/blogs\/internationalen-tag-des-yoga-2024\/","url":"https:\/\/gileaddigital.com\/nattika\/blogs\/internationalen-tag-des-yoga-2024\/","name":"Yoga f\u00fcr sich selbst und die Gesellschaft | Retreats 2024","isPartOf":{"@id":"https:\/\/gileaddigital.com\/nattika\/#website"},"primaryImageOfPage":{"@id":"https:\/\/gileaddigital.com\/nattika\/blogs\/internationalen-tag-des-yoga-2024\/#primaryimage"},"image":{"@id":"https:\/\/gileaddigital.com\/nattika\/blogs\/internationalen-tag-des-yoga-2024\/#primaryimage"},"thumbnailUrl":"https:\/\/gileaddigital.com\/nattika\/wp-content\/uploads\/2024\/12\/yoga-for-self-feature.webp","datePublished":"2024-06-21T11:31:44+00:00","dateModified":"2025-06-25T11:42:42+00:00","description":"St\u00e4rken Sie K\u00f6rper und Geist mit Yoga-Retreats 2024. F\u00f6rdern Sie pers\u00f6nliches Wachstum und gesellschaftliches Wohlbefinden in inspirierenden Umgebungen.","breadcrumb":{"@id":"https:\/\/gileaddigital.com\/nattika\/blogs\/internationalen-tag-des-yoga-2024\/#breadcrumb"},"inLanguage":"en-US","potentialAction":[{"@type":"ReadAction","target":["https:\/\/gileaddigital.com\/nattika\/blogs\/internationalen-tag-des-yoga-2024\/"]}]},{"@type":"ImageObject","inLanguage":"en-US","@id":"https:\/\/gileaddigital.com\/nattika\/blogs\/internationalen-tag-des-yoga-2024\/#primaryimage","url":"https:\/\/gileaddigital.com\/nattika\/wp-content\/uploads\/2024\/12\/yoga-for-self-feature.webp","contentUrl":"https:\/\/gileaddigital.com\/nattika\/wp-content\/uploads\/2024\/12\/yoga-for-self-feature.webp","width":900,"height":653,"caption":"yoga for self feature"},{"@type":"BreadcrumbList","@id":"https:\/\/gileaddigital.com\/nattika\/blogs\/internationalen-tag-des-yoga-2024\/#breadcrumb","itemListElement":[{"@type":"ListItem","position":1,"name":"Home","item":"https:\/\/gileaddigital.com\/nattika\/"},{"@type":"ListItem","position":2,"name":"Yoga F\u00fcr Sich Selbst Und Die Gesellschaft: Retreats Zum Umarmen Im Jahr 2024"}]},{"@type":"WebSite","@id":"https:\/\/gileaddigital.com\/nattika\/#website","url":"https:\/\/gileaddigital.com\/nattika\/","name":"Park Am See Nattika","description":"Ayurveda Kur in Deutschland - Authentisches Retreat Park am See","publisher":{"@id":"https:\/\/gileaddigital.com\/nattika\/#organization"},"potentialAction":[{"@type":"SearchAction","target":{"@type":"EntryPoint","urlTemplate":"https:\/\/gileaddigital.com\/nattika\/?s={search_term_string}"},"query-input":{"@type":"PropertyValueSpecification","valueRequired":true,"valueName":"search_term_string"}}],"inLanguage":"en-US"},{"@type":"Organization","@id":"https:\/\/gileaddigital.com\/nattika\/#organization","name":"Park Am See Nattika","url":"https:\/\/gileaddigital.com\/nattika\/","logo":{"@type":"ImageObject","inLanguage":"en-US","@id":"https:\/\/gileaddigital.com\/nattika\/#\/schema\/logo\/image\/","url":"https:\/\/gileaddigital.com\/nattika\/wp-content\/uploads\/2024\/12\/favicon-png.webp","contentUrl":"https:\/\/gileaddigital.com\/nattika\/wp-content\/uploads\/2024\/12\/favicon-png.webp","width":32,"height":32,"caption":"Park Am See Nattika"},"image":{"@id":"https:\/\/gileaddigital.com\/nattika\/#\/schema\/logo\/image\/"},"sameAs":["https:\/\/www.facebook.com\/profile.php?id=61553061548393&mibextid=ZbWKwL","https:\/\/www.instagram.com\/park.am.see.nattika\/","https:\/\/www.youtube.com\/watch?v=dD89haX2moo"]},{"@type":"Person","@id":"https:\/\/gileaddigital.com\/nattika\/#\/schema\/person\/3974e8b2645b538df1de7e1b2acd20fd","name":"park-amsee-admn","image":{"@type":"ImageObject","inLanguage":"en-US","@id":"https:\/\/secure.gravatar.com\/avatar\/207a1f390b07c7481f9d7ea54e215c4af3ef7dc412596c7baf7b9074c9ac14ad?s=96&d=mm&r=g","url":"https:\/\/secure.gravatar.com\/avatar\/207a1f390b07c7481f9d7ea54e215c4af3ef7dc412596c7baf7b9074c9ac14ad?s=96&d=mm&r=g","contentUrl":"https:\/\/secure.gravatar.com\/avatar\/207a1f390b07c7481f9d7ea54e215c4af3ef7dc412596c7baf7b9074c9ac14ad?s=96&d=mm&r=g","caption":"park-amsee-admn"},"url":"https:\/\/gileaddigital.com\/nattika\/blogs\/author\/park-amsee-admn\/"}]}},"lang":"de","translations":{"de":2333,"en":2341},"pll_sync_post":[],"_links":{"self":[{"href":"https:\/\/gileaddigital.com\/nattika\/wp-json\/wp\/v2\/posts\/2333","targetHints":{"allow":["GET"]}}],"collection":[{"href":"https:\/\/gileaddigital.com\/nattika\/wp-json\/wp\/v2\/posts"}],"about":[{"href":"https:\/\/gileaddigital.com\/nattika\/wp-json\/wp\/v2\/types\/post"}],"author":[{"embeddable":true,"href":"https:\/\/gileaddigital.com\/nattika\/wp-json\/wp\/v2\/users\/2"}],"replies":[{"embeddable":true,"href":"https:\/\/gileaddigital.com\/nattika\/wp-json\/wp\/v2\/comments?post=2333"}],"version-history":[{"count":7,"href":"https:\/\/gileaddigital.com\/nattika\/wp-json\/wp\/v2\/posts\/2333\/revisions"}],"predecessor-version":[{"id":4138,"href":"https:\/\/gileaddigital.com\/nattika\/wp-json\/wp\/v2\/posts\/2333\/revisions\/4138"}],"wp:featuredmedia":[{"embeddable":true,"href":"https:\/\/gileaddigital.com\/nattika\/wp-json\/wp\/v2\/media\/3206"}],"wp:attachment":[{"href":"https:\/\/gileaddigital.com\/nattika\/wp-json\/wp\/v2\/media?parent=2333"}],"wp:term":[{"taxonomy":"category","embeddable":true,"href":"https:\/\/gileaddigital.com\/nattika\/wp-json\/wp\/v2\/categories?post=2333"},{"taxonomy":"post_tag","embeddable":true,"href":"https:\/\/gileaddigital.com\/nattika\/wp-json\/wp\/v2\/tags?post=2333"}],"curies":[{"name":"wp","href":"https:\/\/api.w.org\/{rel}","templated":true}]}}