{"id":1963,"date":"2024-11-12T08:53:59","date_gmt":"2024-11-12T08:53:59","guid":{"rendered":"https:\/\/wp.parkamseenattika.com\/?p=1963"},"modified":"2025-06-25T11:42:40","modified_gmt":"2025-06-25T11:42:40","slug":"welt-ayurveda-tages-park-am-see-deutschland","status":"publish","type":"post","link":"https:\/\/gileaddigital.com\/nattika\/blogs\/welt-ayurveda-tages-park-am-see-deutschland\/","title":{"rendered":"Feierlichkeiten Zum Welt Ayurveda Tag Im Park Am See Nattika Ayurveda"},"content":{"rendered":"&nbsp;\r\n<div class=\"row align-items-center\">\r\n                <div class=\"col-md-6\">\r\n                    <div class=\"heading-wrap element-animate\"><br>\r\n                        <p class=\"mb-5\" align=\"justify\">Am Welt-Ayurveda-Tag ist das Park am See Nattika Ayurveda besonders stolz darauf, die best\u00e4ndige Weisheit des Ayurveda zu ehren, einer 5.000 Jahre alten Tradition, die darauf abzielt, <a href=\"\/heilung-von-korper-geist-und-seele-deutschland\/\">K\u00f6rper, Geist und Seele<\/a> in Einklang zu bringen. Basierend auf der Philosophie der Gesundheitsvorsorge bietet Ayurveda nat\u00fcrliche und wirksame Heilmittel und Lebensweisen, die das allgemeine Wohlbefinden f\u00f6rdern. Im Park am See <a href=\"https:\/\/gileaddigital.com\/nattika\/\">ayurveda kur in Deutschland<\/a> kombinieren wir die urspr\u00fcnglichen Behandlungen des Ayurveda perfekt mit der Ruhe <a href=\"\/der-see\/\">des Tollensesees<\/a>. Unsere Gesundheitsprogramme, die von erfahrenen Ayurveda-Praktikern entwickelt wurden, sind die umfassendsten in der exquisiten medizinischen Konstitution jedes Einzelnen. Die Hauptziele sind es, den K\u00f6rper ins Gleichgewicht zu bringen und zu vitalisieren. \r\n\r\n<br><br>\r\n\r\n<a href=\"\/ayurveda-urlaub-externe-gaste-dienstleistungen\/\">G\u00e4ste<\/a> k\u00f6nnen nicht nur an ihrer pers\u00f6nlichen ayurvedischen Beratung teilnehmen, sondern auch revitalisierende Therapien und Kr\u00e4uterbehandlungen in Anspruch nehmen, die ihnen helfen, ihr speziell auf ihre Bed\u00fcrfnisse zugeschnittenes Heilprogramm zu entdecken. An diesem Welt-Ayurveda-Tag empfehlen wir Ihnen, unser umfangreiches ayurvedisches Angebot zu nutzen, Einblicke in die unz\u00e4hligen Vorteile der alten Wissenschaft zu gewinnen und auf eine noch nie dagewesene Weise mit sich selbst und der Natur zu interagieren. \r\n\r\n\r\n\r\n                        \r\n                    <\/div>\r\n                <\/div>\r\n                <div class=\"col-md-6\" data-aos=\"fade-right\"> <img decoding=\"async\" src=\"https:\/\/gileaddigital.com\/nattika\/wp-content\/uploads\/2024\/12\/Park-Am-See-Ayurveda-Team.webp\" alt=\"Park Am See Ayurveda Team\" class=\"img-fluid\"> <\/div>\r\n            <\/div>\r\n            <div class=\"row align-items-center\">\r\n                <!--<div class=\"col-md-6\" data-aos=\"fade-right\"> <img decoding=\"async\" src=\"\/assets\/img\/yoga_01.webp\"\r\n              alt=\"Image placeholder\" class=\"img-fluid\"> <\/div>\r\n          <div class=\"col-md-6\">-->\r\n                <div class=\"heading-wrap element-animate\">\r\n                  <p class=\"mb-5\" align=\"justify\"> Unser engagiertes Team im Park am See ist bestrebt, Sie auf eine transformative Reise zu dauerhaftem Wohlbefinden zu begleiten, bereichert durch die tiefgr\u00fcndige Weisheit, die Ayurveda bietet. Der Weg zum Wohlbefinden ist jedoch nicht nur ein Ziel, sondern eine Reise der Selbstfindung und <a href=\"\/ayurveda-mit-moderner-medizin-ganzheitlicher-ansatz-zur-heilung\/\">ganzheitlichen Integration.<\/a>\r\n\r\n<br><br>\r\nLassen Sie uns gemeinsam einen Lebensstil entwickeln, der Ausgeglichenheit und inneren Frieden beinhaltet. Schauen Sie sich Ayurveda genauer an, denn jeder Tag kann uns Gesundheit und Gl\u00fcck bringen. Andererseits kann dieser Weg nur mit Best\u00e4ndigkeit erfolgreich sein. Es geht nicht nur um die reine Freude, f\u00fcr eine Weile dem Alltag zu entfliehen, sondern um eine echte  Ver\u00e4nderung Ihres Lebensstils, die Ihrem Wohlbefinden zugutekommt. Der \u00dcbergang zu und die \u00dcbernahme dieses Lebensstils mag zwar einige Schwierigkeiten mit sich bringen, aber solche Werte k\u00f6nnen zu bedeutenden Ver\u00e4nderungen f\u00fchren. Daher erleben viele Menschen in ihrem Leben Dinge, die sie nie f\u00fcr m\u00f6glich gehalten h\u00e4tten.\r\n\r\n\r\n\r\n\r\n                    <\/p>\r\n                <\/div>\r\n            <\/div>\r\n       ","protected":false},"excerpt":{"rendered":"&nbsp; Am Welt-Ayurveda-Tag ist das Park am See Nattika Ayurveda besonders stolz darauf, die best\u00e4ndige Weisheit des Ayurveda zu ehren, einer 5.000 Jahre alten Tradition, die darauf abzielt, K\u00f6rper, Geist und Seele in Einklang zu bringen. Basierend auf der Philosophie der Gesundheitsvorsorge bietet Ayurveda nat\u00fcrliche und wirksame Heilmittel und Lebensweisen, die das allgemeine Wohlbefinden f\u00f6rdern. [&hellip;]","protected":false},"author":2,"featured_media":3233,"comment_status":"closed","ping_status":"open","sticky":false,"template":"single-staff.php","format":"standard","meta":{"footnotes":""},"categories":[11,66],"tags":[],"class_list":["post-1963","post","type-post","status-publish","format-standard","has-post-thumbnail","hentry","category-ayurveda","category-blog"],"yoast_head":"<!-- This site is optimized with the Yoast SEO plugin v27.4 - https:\/\/yoast.com\/product\/yoast-seo-wordpress\/ -->\n<title>Feiern Sie mit uns den Welt-Ayurveda-Tag im Park am See Nattika!<\/title>\n<meta name=\"description\" content=\"Feiern Sie den Welt-Ayurveda-Tag im Park am See, finden Sie ganzheitliches Wohlbefinden f\u00fcr K\u00f6rper, Geist und Seele - kommen Sie zu uns!\" \/>\n<meta name=\"robots\" content=\"index, follow, max-snippet:-1, max-image-preview:large, max-video-preview:-1\" \/>\n<link rel=\"canonical\" href=\"https:\/\/gileaddigital.com\/nattika\/blogs\/welt-ayurveda-tages-park-am-see-deutschland\/\" \/>\n<meta property=\"og:locale\" content=\"en_US\" \/>\n<meta property=\"og:type\" content=\"article\" \/>\n<meta property=\"og:title\" content=\"Feiern Sie mit uns den Welt-Ayurveda-Tag im Park am See Nattika!\" \/>\n<meta property=\"og:description\" content=\"Feiern Sie den Welt-Ayurveda-Tag im Park am See, finden Sie ganzheitliches Wohlbefinden f\u00fcr K\u00f6rper, Geist und Seele - kommen Sie zu uns!\" \/>\n<meta property=\"og:url\" content=\"https:\/\/gileaddigital.com\/nattika\/blogs\/welt-ayurveda-tages-park-am-see-deutschland\/\" \/>\n<meta property=\"og:site_name\" content=\"Park Am See Nattika\" \/>\n<meta property=\"article:publisher\" content=\"https:\/\/www.facebook.com\/profile.php?id=61553061548393&amp;mibextid=ZbWKwL\" \/>\n<meta property=\"article:published_time\" content=\"2024-11-12T08:53:59+00:00\" \/>\n<meta property=\"article:modified_time\" content=\"2025-06-25T11:42:40+00:00\" \/>\n<meta property=\"og:image\" content=\"https:\/\/gileaddigital.com\/nattika\/wp-content\/uploads\/2024\/11\/celebrating-world-feature-png.webp\" \/>\n\t<meta property=\"og:image:width\" content=\"900\" \/>\n\t<meta property=\"og:image:height\" content=\"653\" \/>\n\t<meta property=\"og:image:type\" content=\"image\/png\" \/>\n<meta name=\"author\" content=\"park-amsee-admn\" \/>\n<meta name=\"twitter:card\" content=\"summary_large_image\" \/>\n<meta name=\"twitter:label1\" content=\"Written by\" \/>\n\t<meta name=\"twitter:data1\" content=\"park-amsee-admn\" \/>\n\t<meta name=\"twitter:label2\" content=\"Est. reading time\" \/>\n\t<meta name=\"twitter:data2\" content=\"2 minutes\" \/>\n<script type=\"application\/ld+json\" class=\"yoast-schema-graph\">{\"@context\":\"https:\\\/\\\/schema.org\",\"@graph\":[{\"@type\":\"Article\",\"@id\":\"https:\\\/\\\/gileaddigital.com\\\/nattika\\\/blogs\\\/welt-ayurveda-tages-park-am-see-deutschland\\\/#article\",\"isPartOf\":{\"@id\":\"https:\\\/\\\/gileaddigital.com\\\/nattika\\\/blogs\\\/welt-ayurveda-tages-park-am-see-deutschland\\\/\"},\"author\":{\"name\":\"park-amsee-admn\",\"@id\":\"https:\\\/\\\/gileaddigital.com\\\/nattika\\\/#\\\/schema\\\/person\\\/3974e8b2645b538df1de7e1b2acd20fd\"},\"headline\":\"Feierlichkeiten Zum Welt Ayurveda Tag Im Park Am See Nattika Ayurveda\",\"datePublished\":\"2024-11-12T08:53:59+00:00\",\"dateModified\":\"2025-06-25T11:42:40+00:00\",\"mainEntityOfPage\":{\"@id\":\"https:\\\/\\\/gileaddigital.com\\\/nattika\\\/blogs\\\/welt-ayurveda-tages-park-am-see-deutschland\\\/\"},\"wordCount\":354,\"publisher\":{\"@id\":\"https:\\\/\\\/gileaddigital.com\\\/nattika\\\/#organization\"},\"image\":{\"@id\":\"https:\\\/\\\/gileaddigital.com\\\/nattika\\\/blogs\\\/welt-ayurveda-tages-park-am-see-deutschland\\\/#primaryimage\"},\"thumbnailUrl\":\"https:\\\/\\\/gileaddigital.com\\\/nattika\\\/wp-content\\\/uploads\\\/2024\\\/11\\\/celebrating-world-feature-png.webp\",\"articleSection\":[\"Ayurveda\",\"Blog\"],\"inLanguage\":\"en-US\"},{\"@type\":\"WebPage\",\"@id\":\"https:\\\/\\\/gileaddigital.com\\\/nattika\\\/blogs\\\/welt-ayurveda-tages-park-am-see-deutschland\\\/\",\"url\":\"https:\\\/\\\/gileaddigital.com\\\/nattika\\\/blogs\\\/welt-ayurveda-tages-park-am-see-deutschland\\\/\",\"name\":\"Feiern Sie mit uns den Welt-Ayurveda-Tag im Park am See Nattika!\",\"isPartOf\":{\"@id\":\"https:\\\/\\\/gileaddigital.com\\\/nattika\\\/#website\"},\"primaryImageOfPage\":{\"@id\":\"https:\\\/\\\/gileaddigital.com\\\/nattika\\\/blogs\\\/welt-ayurveda-tages-park-am-see-deutschland\\\/#primaryimage\"},\"image\":{\"@id\":\"https:\\\/\\\/gileaddigital.com\\\/nattika\\\/blogs\\\/welt-ayurveda-tages-park-am-see-deutschland\\\/#primaryimage\"},\"thumbnailUrl\":\"https:\\\/\\\/gileaddigital.com\\\/nattika\\\/wp-content\\\/uploads\\\/2024\\\/11\\\/celebrating-world-feature-png.webp\",\"datePublished\":\"2024-11-12T08:53:59+00:00\",\"dateModified\":\"2025-06-25T11:42:40+00:00\",\"description\":\"Feiern Sie den Welt-Ayurveda-Tag im Park am See, finden Sie ganzheitliches Wohlbefinden f\u00fcr K\u00f6rper, Geist und Seele - kommen Sie zu uns!\",\"breadcrumb\":{\"@id\":\"https:\\\/\\\/gileaddigital.com\\\/nattika\\\/blogs\\\/welt-ayurveda-tages-park-am-see-deutschland\\\/#breadcrumb\"},\"inLanguage\":\"en-US\",\"potentialAction\":[{\"@type\":\"ReadAction\",\"target\":[\"https:\\\/\\\/gileaddigital.com\\\/nattika\\\/blogs\\\/welt-ayurveda-tages-park-am-see-deutschland\\\/\"]}]},{\"@type\":\"ImageObject\",\"inLanguage\":\"en-US\",\"@id\":\"https:\\\/\\\/gileaddigital.com\\\/nattika\\\/blogs\\\/welt-ayurveda-tages-park-am-see-deutschland\\\/#primaryimage\",\"url\":\"https:\\\/\\\/gileaddigital.com\\\/nattika\\\/wp-content\\\/uploads\\\/2024\\\/11\\\/celebrating-world-feature-png.webp\",\"contentUrl\":\"https:\\\/\\\/gileaddigital.com\\\/nattika\\\/wp-content\\\/uploads\\\/2024\\\/11\\\/celebrating-world-feature-png.webp\",\"width\":900,\"height\":653,\"caption\":\"celebrating world feature\"},{\"@type\":\"BreadcrumbList\",\"@id\":\"https:\\\/\\\/gileaddigital.com\\\/nattika\\\/blogs\\\/welt-ayurveda-tages-park-am-see-deutschland\\\/#breadcrumb\",\"itemListElement\":[{\"@type\":\"ListItem\",\"position\":1,\"name\":\"Home\",\"item\":\"https:\\\/\\\/gileaddigital.com\\\/nattika\\\/\"},{\"@type\":\"ListItem\",\"position\":2,\"name\":\"Feierlichkeiten Zum Welt Ayurveda Tag Im Park Am See Nattika Ayurveda\"}]},{\"@type\":\"WebSite\",\"@id\":\"https:\\\/\\\/gileaddigital.com\\\/nattika\\\/#website\",\"url\":\"https:\\\/\\\/gileaddigital.com\\\/nattika\\\/\",\"name\":\"Park Am See Nattika\",\"description\":\"Ayurveda Kur in Deutschland - Authentisches Retreat Park am See\",\"publisher\":{\"@id\":\"https:\\\/\\\/gileaddigital.com\\\/nattika\\\/#organization\"},\"potentialAction\":[{\"@type\":\"SearchAction\",\"target\":{\"@type\":\"EntryPoint\",\"urlTemplate\":\"https:\\\/\\\/gileaddigital.com\\\/nattika\\\/?s={search_term_string}\"},\"query-input\":{\"@type\":\"PropertyValueSpecification\",\"valueRequired\":true,\"valueName\":\"search_term_string\"}}],\"inLanguage\":\"en-US\"},{\"@type\":\"Organization\",\"@id\":\"https:\\\/\\\/gileaddigital.com\\\/nattika\\\/#organization\",\"name\":\"Park Am See Nattika\",\"url\":\"https:\\\/\\\/gileaddigital.com\\\/nattika\\\/\",\"logo\":{\"@type\":\"ImageObject\",\"inLanguage\":\"en-US\",\"@id\":\"https:\\\/\\\/gileaddigital.com\\\/nattika\\\/#\\\/schema\\\/logo\\\/image\\\/\",\"url\":\"https:\\\/\\\/gileaddigital.com\\\/nattika\\\/wp-content\\\/uploads\\\/2024\\\/12\\\/favicon-png.webp\",\"contentUrl\":\"https:\\\/\\\/gileaddigital.com\\\/nattika\\\/wp-content\\\/uploads\\\/2024\\\/12\\\/favicon-png.webp\",\"width\":32,\"height\":32,\"caption\":\"Park Am See Nattika\"},\"image\":{\"@id\":\"https:\\\/\\\/gileaddigital.com\\\/nattika\\\/#\\\/schema\\\/logo\\\/image\\\/\"},\"sameAs\":[\"https:\\\/\\\/www.facebook.com\\\/profile.php?id=61553061548393&mibextid=ZbWKwL\",\"https:\\\/\\\/www.instagram.com\\\/park.am.see.nattika\\\/\",\"https:\\\/\\\/www.youtube.com\\\/watch?v=dD89haX2moo\"]},{\"@type\":\"Person\",\"@id\":\"https:\\\/\\\/gileaddigital.com\\\/nattika\\\/#\\\/schema\\\/person\\\/3974e8b2645b538df1de7e1b2acd20fd\",\"name\":\"park-amsee-admn\",\"image\":{\"@type\":\"ImageObject\",\"inLanguage\":\"en-US\",\"@id\":\"https:\\\/\\\/secure.gravatar.com\\\/avatar\\\/207a1f390b07c7481f9d7ea54e215c4af3ef7dc412596c7baf7b9074c9ac14ad?s=96&d=mm&r=g\",\"url\":\"https:\\\/\\\/secure.gravatar.com\\\/avatar\\\/207a1f390b07c7481f9d7ea54e215c4af3ef7dc412596c7baf7b9074c9ac14ad?s=96&d=mm&r=g\",\"contentUrl\":\"https:\\\/\\\/secure.gravatar.com\\\/avatar\\\/207a1f390b07c7481f9d7ea54e215c4af3ef7dc412596c7baf7b9074c9ac14ad?s=96&d=mm&r=g\",\"caption\":\"park-amsee-admn\"},\"url\":\"https:\\\/\\\/gileaddigital.com\\\/nattika\\\/blogs\\\/author\\\/park-amsee-admn\\\/\"}]}<\/script>\n<!-- \/ Yoast SEO plugin. -->","yoast_head_json":{"title":"Feiern Sie mit uns den Welt-Ayurveda-Tag im Park am See Nattika!","description":"Feiern Sie den Welt-Ayurveda-Tag im Park am See, finden Sie ganzheitliches Wohlbefinden f\u00fcr K\u00f6rper, Geist und Seele - kommen Sie zu uns!","robots":{"index":"index","follow":"follow","max-snippet":"max-snippet:-1","max-image-preview":"max-image-preview:large","max-video-preview":"max-video-preview:-1"},"canonical":"https:\/\/gileaddigital.com\/nattika\/blogs\/welt-ayurveda-tages-park-am-see-deutschland\/","og_locale":"en_US","og_type":"article","og_title":"Feiern Sie mit uns den Welt-Ayurveda-Tag im Park am See Nattika!","og_description":"Feiern Sie den Welt-Ayurveda-Tag im Park am See, finden Sie ganzheitliches Wohlbefinden f\u00fcr K\u00f6rper, Geist und Seele - kommen Sie zu uns!","og_url":"https:\/\/gileaddigital.com\/nattika\/blogs\/welt-ayurveda-tages-park-am-see-deutschland\/","og_site_name":"Park Am See Nattika","article_publisher":"https:\/\/www.facebook.com\/profile.php?id=61553061548393&mibextid=ZbWKwL","article_published_time":"2024-11-12T08:53:59+00:00","article_modified_time":"2025-06-25T11:42:40+00:00","og_image":[{"width":900,"height":653,"url":"https:\/\/gileaddigital.com\/nattika\/wp-content\/uploads\/2024\/11\/celebrating-world-feature-png.webp","type":"image\/png"}],"author":"park-amsee-admn","twitter_card":"summary_large_image","twitter_misc":{"Written by":"park-amsee-admn","Est. reading time":"2 minutes"},"schema":{"@context":"https:\/\/schema.org","@graph":[{"@type":"Article","@id":"https:\/\/gileaddigital.com\/nattika\/blogs\/welt-ayurveda-tages-park-am-see-deutschland\/#article","isPartOf":{"@id":"https:\/\/gileaddigital.com\/nattika\/blogs\/welt-ayurveda-tages-park-am-see-deutschland\/"},"author":{"name":"park-amsee-admn","@id":"https:\/\/gileaddigital.com\/nattika\/#\/schema\/person\/3974e8b2645b538df1de7e1b2acd20fd"},"headline":"Feierlichkeiten Zum Welt Ayurveda Tag Im Park Am See Nattika Ayurveda","datePublished":"2024-11-12T08:53:59+00:00","dateModified":"2025-06-25T11:42:40+00:00","mainEntityOfPage":{"@id":"https:\/\/gileaddigital.com\/nattika\/blogs\/welt-ayurveda-tages-park-am-see-deutschland\/"},"wordCount":354,"publisher":{"@id":"https:\/\/gileaddigital.com\/nattika\/#organization"},"image":{"@id":"https:\/\/gileaddigital.com\/nattika\/blogs\/welt-ayurveda-tages-park-am-see-deutschland\/#primaryimage"},"thumbnailUrl":"https:\/\/gileaddigital.com\/nattika\/wp-content\/uploads\/2024\/11\/celebrating-world-feature-png.webp","articleSection":["Ayurveda","Blog"],"inLanguage":"en-US"},{"@type":"WebPage","@id":"https:\/\/gileaddigital.com\/nattika\/blogs\/welt-ayurveda-tages-park-am-see-deutschland\/","url":"https:\/\/gileaddigital.com\/nattika\/blogs\/welt-ayurveda-tages-park-am-see-deutschland\/","name":"Feiern Sie mit uns den Welt-Ayurveda-Tag im Park am See Nattika!","isPartOf":{"@id":"https:\/\/gileaddigital.com\/nattika\/#website"},"primaryImageOfPage":{"@id":"https:\/\/gileaddigital.com\/nattika\/blogs\/welt-ayurveda-tages-park-am-see-deutschland\/#primaryimage"},"image":{"@id":"https:\/\/gileaddigital.com\/nattika\/blogs\/welt-ayurveda-tages-park-am-see-deutschland\/#primaryimage"},"thumbnailUrl":"https:\/\/gileaddigital.com\/nattika\/wp-content\/uploads\/2024\/11\/celebrating-world-feature-png.webp","datePublished":"2024-11-12T08:53:59+00:00","dateModified":"2025-06-25T11:42:40+00:00","description":"Feiern Sie den Welt-Ayurveda-Tag im Park am See, finden Sie ganzheitliches Wohlbefinden f\u00fcr K\u00f6rper, Geist und Seele - kommen Sie zu uns!","breadcrumb":{"@id":"https:\/\/gileaddigital.com\/nattika\/blogs\/welt-ayurveda-tages-park-am-see-deutschland\/#breadcrumb"},"inLanguage":"en-US","potentialAction":[{"@type":"ReadAction","target":["https:\/\/gileaddigital.com\/nattika\/blogs\/welt-ayurveda-tages-park-am-see-deutschland\/"]}]},{"@type":"ImageObject","inLanguage":"en-US","@id":"https:\/\/gileaddigital.com\/nattika\/blogs\/welt-ayurveda-tages-park-am-see-deutschland\/#primaryimage","url":"https:\/\/gileaddigital.com\/nattika\/wp-content\/uploads\/2024\/11\/celebrating-world-feature-png.webp","contentUrl":"https:\/\/gileaddigital.com\/nattika\/wp-content\/uploads\/2024\/11\/celebrating-world-feature-png.webp","width":900,"height":653,"caption":"celebrating world feature"},{"@type":"BreadcrumbList","@id":"https:\/\/gileaddigital.com\/nattika\/blogs\/welt-ayurveda-tages-park-am-see-deutschland\/#breadcrumb","itemListElement":[{"@type":"ListItem","position":1,"name":"Home","item":"https:\/\/gileaddigital.com\/nattika\/"},{"@type":"ListItem","position":2,"name":"Feierlichkeiten Zum Welt Ayurveda Tag Im Park Am See Nattika Ayurveda"}]},{"@type":"WebSite","@id":"https:\/\/gileaddigital.com\/nattika\/#website","url":"https:\/\/gileaddigital.com\/nattika\/","name":"Park Am See Nattika","description":"Ayurveda Kur in Deutschland - Authentisches Retreat Park am See","publisher":{"@id":"https:\/\/gileaddigital.com\/nattika\/#organization"},"potentialAction":[{"@type":"SearchAction","target":{"@type":"EntryPoint","urlTemplate":"https:\/\/gileaddigital.com\/nattika\/?s={search_term_string}"},"query-input":{"@type":"PropertyValueSpecification","valueRequired":true,"valueName":"search_term_string"}}],"inLanguage":"en-US"},{"@type":"Organization","@id":"https:\/\/gileaddigital.com\/nattika\/#organization","name":"Park Am See Nattika","url":"https:\/\/gileaddigital.com\/nattika\/","logo":{"@type":"ImageObject","inLanguage":"en-US","@id":"https:\/\/gileaddigital.com\/nattika\/#\/schema\/logo\/image\/","url":"https:\/\/gileaddigital.com\/nattika\/wp-content\/uploads\/2024\/12\/favicon-png.webp","contentUrl":"https:\/\/gileaddigital.com\/nattika\/wp-content\/uploads\/2024\/12\/favicon-png.webp","width":32,"height":32,"caption":"Park Am See Nattika"},"image":{"@id":"https:\/\/gileaddigital.com\/nattika\/#\/schema\/logo\/image\/"},"sameAs":["https:\/\/www.facebook.com\/profile.php?id=61553061548393&mibextid=ZbWKwL","https:\/\/www.instagram.com\/park.am.see.nattika\/","https:\/\/www.youtube.com\/watch?v=dD89haX2moo"]},{"@type":"Person","@id":"https:\/\/gileaddigital.com\/nattika\/#\/schema\/person\/3974e8b2645b538df1de7e1b2acd20fd","name":"park-amsee-admn","image":{"@type":"ImageObject","inLanguage":"en-US","@id":"https:\/\/secure.gravatar.com\/avatar\/207a1f390b07c7481f9d7ea54e215c4af3ef7dc412596c7baf7b9074c9ac14ad?s=96&d=mm&r=g","url":"https:\/\/secure.gravatar.com\/avatar\/207a1f390b07c7481f9d7ea54e215c4af3ef7dc412596c7baf7b9074c9ac14ad?s=96&d=mm&r=g","contentUrl":"https:\/\/secure.gravatar.com\/avatar\/207a1f390b07c7481f9d7ea54e215c4af3ef7dc412596c7baf7b9074c9ac14ad?s=96&d=mm&r=g","caption":"park-amsee-admn"},"url":"https:\/\/gileaddigital.com\/nattika\/blogs\/author\/park-amsee-admn\/"}]}},"lang":"de","translations":{"de":1963,"en":2202},"pll_sync_post":[],"_links":{"self":[{"href":"https:\/\/gileaddigital.com\/nattika\/wp-json\/wp\/v2\/posts\/1963","targetHints":{"allow":["GET"]}}],"collection":[{"href":"https:\/\/gileaddigital.com\/nattika\/wp-json\/wp\/v2\/posts"}],"about":[{"href":"https:\/\/gileaddigital.com\/nattika\/wp-json\/wp\/v2\/types\/post"}],"author":[{"embeddable":true,"href":"https:\/\/gileaddigital.com\/nattika\/wp-json\/wp\/v2\/users\/2"}],"replies":[{"embeddable":true,"href":"https:\/\/gileaddigital.com\/nattika\/wp-json\/wp\/v2\/comments?post=1963"}],"version-history":[{"count":8,"href":"https:\/\/gileaddigital.com\/nattika\/wp-json\/wp\/v2\/posts\/1963\/revisions"}],"predecessor-version":[{"id":5254,"href":"https:\/\/gileaddigital.com\/nattika\/wp-json\/wp\/v2\/posts\/1963\/revisions\/5254"}],"wp:featuredmedia":[{"embeddable":true,"href":"https:\/\/gileaddigital.com\/nattika\/wp-json\/wp\/v2\/media\/3233"}],"wp:attachment":[{"href":"https:\/\/gileaddigital.com\/nattika\/wp-json\/wp\/v2\/media?parent=1963"}],"wp:term":[{"taxonomy":"category","embeddable":true,"href":"https:\/\/gileaddigital.com\/nattika\/wp-json\/wp\/v2\/categories?post=1963"},{"taxonomy":"post_tag","embeddable":true,"href":"https:\/\/gileaddigital.com\/nattika\/wp-json\/wp\/v2\/tags?post=1963"}],"curies":[{"name":"wp","href":"https:\/\/api.w.org\/{rel}","templated":true}]}}