{"id":1946,"date":"2024-05-08T07:04:57","date_gmt":"2024-05-08T07:04:57","guid":{"rendered":"https:\/\/wp.parkamseenattika.com\/?p=1946"},"modified":"2025-06-25T11:42:43","modified_gmt":"2025-06-25T11:42:43","slug":"om","status":"publish","type":"post","link":"https:\/\/gileaddigital.com\/nattika\/blogs\/om\/","title":{"rendered":"OM"},"content":{"rendered":"&nbsp;\r\n <div class=\"row align-items-center\">\r\n                <div class=\"col-md-6\">\r\n                    <div class=\"heading-wrap element-animate\"><br>\r\n                        <p class=\"mb-5\" align=\"justify\">Das OM-Mantra<\/a>,\r\n                            oft auch als &#8220;Aum&#8221; bezeichnet, nimmt in der Welt der\r\n                            Spiritualit\u00e4t und Meditation einen besonderen Platz ein. OM hat\r\n                            seine Wurzeln in den alten indischen Schriften, insbesondere in\r\n                            den Veden und Upanishaden. Es wird als der urspr\u00fcngliche Klang\r\n                            angesehen, aus dem das Universum entstanden ist. Das Symbol\r\n                            selbst besteht, wenn es geschrieben oder gesungen wird, aus drei\r\n                            Silben &#8211; A, U und M &#8211; und steht f\u00fcr die Bewusstseinszust\u00e4nde\r\n                            Wachen, Tr\u00e4umen und Tiefschlaf. Dar\u00fcber hinaus steht der\r\n                            stille vierte Aspekt f\u00fcr das Transzendente, das \u00fcber das\r\n                            gew\u00f6hnliche Bewusstsein hinausgeht. Om gilt als der Monarch\r\n                            aller Mantras. Alle bIjamantras und Mantras haben ihren Ursprung\r\n                            in ihm. Es wird einigen Mantras vorangestellt. Es ist\r\n                            repr\u00e4sentativ f\u00fcr das H\u00f6chste Gottesprinzip (Parabrahman).<br>\r\n                            <br>\r\n                            Das Singen des Om-Mantras w\u00e4hrend der <a href=\"\/yoga\/\">Yogastunden<\/a>\r\n                            in Park Am See\r\n                            hilft den G\u00e4sten, ihren Geist zu fokussieren und ihre\r\n                            Aufmerksamkeit auf den gegenw\u00e4rtigen Moment zu richten. Es\r\n                            spielt eine sehr starke Rolle bei der Aufmerksamkeit oder\r\n                            Konzentration w\u00e4hrend der Meditation oder bei jeder anderen\r\n                            T\u00e4tigkeit, die einen umfassenden Fokus erfordert. Der Klang\r\n                            oder die rhythmische Kraft des Om-Singens kann einen Hauch von\r\n                            Heiterkeit und Gelassenheit vermitteln und hilft auch, Stress,\r\n                            Anspannung und Angst abzubauen.\r\n                        <\/p>\r\n                    <\/div>\r\n                <\/div>\r\n                <div class=\"col-md-6\" data-aos=\"fade-right\"> <img decoding=\"async\" src=\"https:\/\/gileaddigital.com\/nattika\/wp-content\/uploads\/2024\/12\/omimg.webp\" alt=\"omimg\" class=\"img-fluid\"> <\/div>\r\n            <\/div>\r\n            <div class=\"row align-items-center\">\r\n                <!--<div class=\"col-md-6\" data-aos=\"fade-right\"> <img decoding=\"async\" src=\"\/assets\/img\/yoga_01.webp\"\r\n              alt=\"Image placeholder\" class=\"img-fluid\"> <\/div>\r\n          <div class=\"col-md-6\">-->\r\n                <div class=\"heading-wrap element-animate\">\r\n                    <p align=\"justify\">Es f\u00f6rdert die Erfahrung von innerer Ruhe. Das\r\n                        Chanten des Om erzeugt Schwingungen, die sich durch unseren\r\n                        gesamten K\u00f6rper bewegen. Es hat sich gezeigt, dass Om-Singen den\r\n                        <a href=\"\/heilung-von-korper-geist-und-seele-deutschland\/\">geistigen, k\u00f6rperlichen und energetischen Zustand<\/a> verbessert und\r\n                        das allgemeine Wohlbefinden des Menschen steigert. Mit seiner\r\n                        reichen spirituellen Bedeutung und seiner langen Geschichte erhebt\r\n                        das OM-Mantra die <a href=\"\/ayurveda-urlaub-externe-gaste-dienstleistungen\/\">G\u00e4ste<\/a> immer wieder und f\u00fchrt sie auf die Reise\r\n                        der Selbstentdeckung und der spirituellen Entwicklung. OM ist,\r\n                        wenn es als Gebet gesungen oder in die Meditation integriert wird,\r\n                        ein zeitloses Symbol f\u00fcr die gro\u00dfe Verbindung, die das Universum\r\n                        eint. <br>\r\n                        <br>\r\n                        M\u00f6gen Sie neue Ebenen der inneren Gelassenheit und des\r\n                        spirituellen Bewusstseins entdecken, wenn Sie das transformierende\r\n                        Potenzial dieses g\u00f6ttlichen Klangs erforschen. Abschlie\u00dfend sei\r\n                        gesagt, dass das OM-Mantra in den Yogahallen als Symbol f\u00fcr\r\n                        Harmonie, Gleichgewicht und spirituelle N\u00e4he verehrt wird. Der\r\n                        resonante Klang des OM, wenn es zu Beginn, in der Mitte oder am\r\n                        Ende einer Yogastunde gesungen wird, verleiht der\r\n                        Praxis eine heilige Qualit\u00e4t und f\u00f6rdert eine\r\n                        Atmosph\u00e4re, die der inneren Ruhe, der Selbstfindung und dem\r\n                        allgemeinen Wohlbefinden zutr\u00e4glich ist.\r\n                    <\/p>\r\n\r\n<\/div>","protected":false},"excerpt":{"rendered":"&nbsp; Das OM-Mantra, oft auch als &#8220;Aum&#8221; bezeichnet, nimmt in der Welt der Spiritualit\u00e4t und Meditation einen besonderen Platz ein. OM hat seine Wurzeln in den alten indischen Schriften, insbesondere in den Veden und Upanishaden. Es wird als der urspr\u00fcngliche Klang angesehen, aus dem das Universum entstanden ist. Das Symbol selbst besteht, wenn es geschrieben [&hellip;]","protected":false},"author":2,"featured_media":3197,"comment_status":"closed","ping_status":"open","sticky":false,"template":"single-staff.php","format":"standard","meta":{"footnotes":""},"categories":[74],"tags":[],"class_list":["post-1946","post","type-post","status-publish","format-standard","has-post-thumbnail","hentry","category-yoga"],"yoast_head":"<!-- This site is optimized with the Yoast SEO plugin v27.4 - https:\/\/yoast.com\/product\/yoast-seo-wordpress\/ -->\n<title>OM Mantra im Yoga | Spirituelle Harmonie im Park am See<\/title>\n<meta name=\"description\" content=\"OM f\u00f6rdert die Achtsamkeit, den inneren Frieden und das spirituelle Wachstum beim Yoga im Park am See. Mach mit!\" \/>\n<meta name=\"robots\" content=\"index, follow, max-snippet:-1, max-image-preview:large, max-video-preview:-1\" \/>\n<link rel=\"canonical\" href=\"https:\/\/gileaddigital.com\/nattika\/blogs\/om\/\" \/>\n<meta property=\"og:locale\" content=\"en_US\" \/>\n<meta property=\"og:type\" content=\"article\" \/>\n<meta property=\"og:title\" content=\"OM Mantra im Yoga | Spirituelle Harmonie im Park am See\" \/>\n<meta property=\"og:description\" content=\"OM f\u00f6rdert die Achtsamkeit, den inneren Frieden und das spirituelle Wachstum beim Yoga im Park am See. Mach mit!\" \/>\n<meta property=\"og:url\" content=\"https:\/\/gileaddigital.com\/nattika\/blogs\/om\/\" \/>\n<meta property=\"og:site_name\" content=\"Park Am See Nattika\" \/>\n<meta property=\"article:publisher\" content=\"https:\/\/www.facebook.com\/profile.php?id=61553061548393&amp;mibextid=ZbWKwL\" \/>\n<meta property=\"article:published_time\" content=\"2024-05-08T07:04:57+00:00\" \/>\n<meta property=\"article:modified_time\" content=\"2025-06-25T11:42:43+00:00\" \/>\n<meta property=\"og:image\" content=\"https:\/\/gileaddigital.com\/nattika\/wp-content\/uploads\/2024\/05\/om-features-png.webp\" \/>\n\t<meta property=\"og:image:width\" content=\"900\" \/>\n\t<meta property=\"og:image:height\" content=\"653\" \/>\n\t<meta property=\"og:image:type\" content=\"image\/png\" \/>\n<meta name=\"author\" content=\"park-amsee-admn\" \/>\n<meta name=\"twitter:card\" content=\"summary_large_image\" \/>\n<meta name=\"twitter:label1\" content=\"Written by\" \/>\n\t<meta name=\"twitter:data1\" content=\"park-amsee-admn\" \/>\n\t<meta name=\"twitter:label2\" content=\"Est. reading time\" \/>\n\t<meta name=\"twitter:data2\" content=\"3 minutes\" \/>\n<script type=\"application\/ld+json\" class=\"yoast-schema-graph\">{\"@context\":\"https:\\\/\\\/schema.org\",\"@graph\":[{\"@type\":\"Article\",\"@id\":\"https:\\\/\\\/gileaddigital.com\\\/nattika\\\/blogs\\\/om\\\/#article\",\"isPartOf\":{\"@id\":\"https:\\\/\\\/gileaddigital.com\\\/nattika\\\/blogs\\\/om\\\/\"},\"author\":{\"name\":\"park-amsee-admn\",\"@id\":\"https:\\\/\\\/gileaddigital.com\\\/nattika\\\/#\\\/schema\\\/person\\\/3974e8b2645b538df1de7e1b2acd20fd\"},\"headline\":\"OM\",\"datePublished\":\"2024-05-08T07:04:57+00:00\",\"dateModified\":\"2025-06-25T11:42:43+00:00\",\"mainEntityOfPage\":{\"@id\":\"https:\\\/\\\/gileaddigital.com\\\/nattika\\\/blogs\\\/om\\\/\"},\"wordCount\":402,\"publisher\":{\"@id\":\"https:\\\/\\\/gileaddigital.com\\\/nattika\\\/#organization\"},\"image\":{\"@id\":\"https:\\\/\\\/gileaddigital.com\\\/nattika\\\/blogs\\\/om\\\/#primaryimage\"},\"thumbnailUrl\":\"https:\\\/\\\/gileaddigital.com\\\/nattika\\\/wp-content\\\/uploads\\\/2024\\\/05\\\/om-features-png.webp\",\"articleSection\":[\"Yoga\"],\"inLanguage\":\"en-US\"},{\"@type\":\"WebPage\",\"@id\":\"https:\\\/\\\/gileaddigital.com\\\/nattika\\\/blogs\\\/om\\\/\",\"url\":\"https:\\\/\\\/gileaddigital.com\\\/nattika\\\/blogs\\\/om\\\/\",\"name\":\"OM Mantra im Yoga | Spirituelle Harmonie im Park am See\",\"isPartOf\":{\"@id\":\"https:\\\/\\\/gileaddigital.com\\\/nattika\\\/#website\"},\"primaryImageOfPage\":{\"@id\":\"https:\\\/\\\/gileaddigital.com\\\/nattika\\\/blogs\\\/om\\\/#primaryimage\"},\"image\":{\"@id\":\"https:\\\/\\\/gileaddigital.com\\\/nattika\\\/blogs\\\/om\\\/#primaryimage\"},\"thumbnailUrl\":\"https:\\\/\\\/gileaddigital.com\\\/nattika\\\/wp-content\\\/uploads\\\/2024\\\/05\\\/om-features-png.webp\",\"datePublished\":\"2024-05-08T07:04:57+00:00\",\"dateModified\":\"2025-06-25T11:42:43+00:00\",\"description\":\"OM f\u00f6rdert die Achtsamkeit, den inneren Frieden und das spirituelle Wachstum beim Yoga im Park am See. Mach mit!\",\"breadcrumb\":{\"@id\":\"https:\\\/\\\/gileaddigital.com\\\/nattika\\\/blogs\\\/om\\\/#breadcrumb\"},\"inLanguage\":\"en-US\",\"potentialAction\":[{\"@type\":\"ReadAction\",\"target\":[\"https:\\\/\\\/gileaddigital.com\\\/nattika\\\/blogs\\\/om\\\/\"]}]},{\"@type\":\"ImageObject\",\"inLanguage\":\"en-US\",\"@id\":\"https:\\\/\\\/gileaddigital.com\\\/nattika\\\/blogs\\\/om\\\/#primaryimage\",\"url\":\"https:\\\/\\\/gileaddigital.com\\\/nattika\\\/wp-content\\\/uploads\\\/2024\\\/05\\\/om-features-png.webp\",\"contentUrl\":\"https:\\\/\\\/gileaddigital.com\\\/nattika\\\/wp-content\\\/uploads\\\/2024\\\/05\\\/om-features-png.webp\",\"width\":900,\"height\":653,\"caption\":\"om features\"},{\"@type\":\"BreadcrumbList\",\"@id\":\"https:\\\/\\\/gileaddigital.com\\\/nattika\\\/blogs\\\/om\\\/#breadcrumb\",\"itemListElement\":[{\"@type\":\"ListItem\",\"position\":1,\"name\":\"Home\",\"item\":\"https:\\\/\\\/gileaddigital.com\\\/nattika\\\/\"},{\"@type\":\"ListItem\",\"position\":2,\"name\":\"OM\"}]},{\"@type\":\"WebSite\",\"@id\":\"https:\\\/\\\/gileaddigital.com\\\/nattika\\\/#website\",\"url\":\"https:\\\/\\\/gileaddigital.com\\\/nattika\\\/\",\"name\":\"Park Am See Nattika\",\"description\":\"Ayurveda Kur in Deutschland - Authentisches Retreat Park am See\",\"publisher\":{\"@id\":\"https:\\\/\\\/gileaddigital.com\\\/nattika\\\/#organization\"},\"potentialAction\":[{\"@type\":\"SearchAction\",\"target\":{\"@type\":\"EntryPoint\",\"urlTemplate\":\"https:\\\/\\\/gileaddigital.com\\\/nattika\\\/?s={search_term_string}\"},\"query-input\":{\"@type\":\"PropertyValueSpecification\",\"valueRequired\":true,\"valueName\":\"search_term_string\"}}],\"inLanguage\":\"en-US\"},{\"@type\":\"Organization\",\"@id\":\"https:\\\/\\\/gileaddigital.com\\\/nattika\\\/#organization\",\"name\":\"Park Am See Nattika\",\"url\":\"https:\\\/\\\/gileaddigital.com\\\/nattika\\\/\",\"logo\":{\"@type\":\"ImageObject\",\"inLanguage\":\"en-US\",\"@id\":\"https:\\\/\\\/gileaddigital.com\\\/nattika\\\/#\\\/schema\\\/logo\\\/image\\\/\",\"url\":\"https:\\\/\\\/gileaddigital.com\\\/nattika\\\/wp-content\\\/uploads\\\/2024\\\/12\\\/favicon-png.webp\",\"contentUrl\":\"https:\\\/\\\/gileaddigital.com\\\/nattika\\\/wp-content\\\/uploads\\\/2024\\\/12\\\/favicon-png.webp\",\"width\":32,\"height\":32,\"caption\":\"Park Am See Nattika\"},\"image\":{\"@id\":\"https:\\\/\\\/gileaddigital.com\\\/nattika\\\/#\\\/schema\\\/logo\\\/image\\\/\"},\"sameAs\":[\"https:\\\/\\\/www.facebook.com\\\/profile.php?id=61553061548393&mibextid=ZbWKwL\",\"https:\\\/\\\/www.instagram.com\\\/park.am.see.nattika\\\/\",\"https:\\\/\\\/www.youtube.com\\\/watch?v=dD89haX2moo\"]},{\"@type\":\"Person\",\"@id\":\"https:\\\/\\\/gileaddigital.com\\\/nattika\\\/#\\\/schema\\\/person\\\/3974e8b2645b538df1de7e1b2acd20fd\",\"name\":\"park-amsee-admn\",\"image\":{\"@type\":\"ImageObject\",\"inLanguage\":\"en-US\",\"@id\":\"https:\\\/\\\/secure.gravatar.com\\\/avatar\\\/207a1f390b07c7481f9d7ea54e215c4af3ef7dc412596c7baf7b9074c9ac14ad?s=96&d=mm&r=g\",\"url\":\"https:\\\/\\\/secure.gravatar.com\\\/avatar\\\/207a1f390b07c7481f9d7ea54e215c4af3ef7dc412596c7baf7b9074c9ac14ad?s=96&d=mm&r=g\",\"contentUrl\":\"https:\\\/\\\/secure.gravatar.com\\\/avatar\\\/207a1f390b07c7481f9d7ea54e215c4af3ef7dc412596c7baf7b9074c9ac14ad?s=96&d=mm&r=g\",\"caption\":\"park-amsee-admn\"},\"url\":\"https:\\\/\\\/gileaddigital.com\\\/nattika\\\/blogs\\\/author\\\/park-amsee-admn\\\/\"}]}<\/script>\n<!-- \/ Yoast SEO plugin. -->","yoast_head_json":{"title":"OM Mantra im Yoga | Spirituelle Harmonie im Park am See","description":"OM f\u00f6rdert die Achtsamkeit, den inneren Frieden und das spirituelle Wachstum beim Yoga im Park am See. Mach mit!","robots":{"index":"index","follow":"follow","max-snippet":"max-snippet:-1","max-image-preview":"max-image-preview:large","max-video-preview":"max-video-preview:-1"},"canonical":"https:\/\/gileaddigital.com\/nattika\/blogs\/om\/","og_locale":"en_US","og_type":"article","og_title":"OM Mantra im Yoga | Spirituelle Harmonie im Park am See","og_description":"OM f\u00f6rdert die Achtsamkeit, den inneren Frieden und das spirituelle Wachstum beim Yoga im Park am See. Mach mit!","og_url":"https:\/\/gileaddigital.com\/nattika\/blogs\/om\/","og_site_name":"Park Am See Nattika","article_publisher":"https:\/\/www.facebook.com\/profile.php?id=61553061548393&mibextid=ZbWKwL","article_published_time":"2024-05-08T07:04:57+00:00","article_modified_time":"2025-06-25T11:42:43+00:00","og_image":[{"width":900,"height":653,"url":"https:\/\/gileaddigital.com\/nattika\/wp-content\/uploads\/2024\/05\/om-features-png.webp","type":"image\/png"}],"author":"park-amsee-admn","twitter_card":"summary_large_image","twitter_misc":{"Written by":"park-amsee-admn","Est. reading time":"3 minutes"},"schema":{"@context":"https:\/\/schema.org","@graph":[{"@type":"Article","@id":"https:\/\/gileaddigital.com\/nattika\/blogs\/om\/#article","isPartOf":{"@id":"https:\/\/gileaddigital.com\/nattika\/blogs\/om\/"},"author":{"name":"park-amsee-admn","@id":"https:\/\/gileaddigital.com\/nattika\/#\/schema\/person\/3974e8b2645b538df1de7e1b2acd20fd"},"headline":"OM","datePublished":"2024-05-08T07:04:57+00:00","dateModified":"2025-06-25T11:42:43+00:00","mainEntityOfPage":{"@id":"https:\/\/gileaddigital.com\/nattika\/blogs\/om\/"},"wordCount":402,"publisher":{"@id":"https:\/\/gileaddigital.com\/nattika\/#organization"},"image":{"@id":"https:\/\/gileaddigital.com\/nattika\/blogs\/om\/#primaryimage"},"thumbnailUrl":"https:\/\/gileaddigital.com\/nattika\/wp-content\/uploads\/2024\/05\/om-features-png.webp","articleSection":["Yoga"],"inLanguage":"en-US"},{"@type":"WebPage","@id":"https:\/\/gileaddigital.com\/nattika\/blogs\/om\/","url":"https:\/\/gileaddigital.com\/nattika\/blogs\/om\/","name":"OM Mantra im Yoga | Spirituelle Harmonie im Park am See","isPartOf":{"@id":"https:\/\/gileaddigital.com\/nattika\/#website"},"primaryImageOfPage":{"@id":"https:\/\/gileaddigital.com\/nattika\/blogs\/om\/#primaryimage"},"image":{"@id":"https:\/\/gileaddigital.com\/nattika\/blogs\/om\/#primaryimage"},"thumbnailUrl":"https:\/\/gileaddigital.com\/nattika\/wp-content\/uploads\/2024\/05\/om-features-png.webp","datePublished":"2024-05-08T07:04:57+00:00","dateModified":"2025-06-25T11:42:43+00:00","description":"OM f\u00f6rdert die Achtsamkeit, den inneren Frieden und das spirituelle Wachstum beim Yoga im Park am See. Mach mit!","breadcrumb":{"@id":"https:\/\/gileaddigital.com\/nattika\/blogs\/om\/#breadcrumb"},"inLanguage":"en-US","potentialAction":[{"@type":"ReadAction","target":["https:\/\/gileaddigital.com\/nattika\/blogs\/om\/"]}]},{"@type":"ImageObject","inLanguage":"en-US","@id":"https:\/\/gileaddigital.com\/nattika\/blogs\/om\/#primaryimage","url":"https:\/\/gileaddigital.com\/nattika\/wp-content\/uploads\/2024\/05\/om-features-png.webp","contentUrl":"https:\/\/gileaddigital.com\/nattika\/wp-content\/uploads\/2024\/05\/om-features-png.webp","width":900,"height":653,"caption":"om features"},{"@type":"BreadcrumbList","@id":"https:\/\/gileaddigital.com\/nattika\/blogs\/om\/#breadcrumb","itemListElement":[{"@type":"ListItem","position":1,"name":"Home","item":"https:\/\/gileaddigital.com\/nattika\/"},{"@type":"ListItem","position":2,"name":"OM"}]},{"@type":"WebSite","@id":"https:\/\/gileaddigital.com\/nattika\/#website","url":"https:\/\/gileaddigital.com\/nattika\/","name":"Park Am See Nattika","description":"Ayurveda Kur in Deutschland - Authentisches Retreat Park am See","publisher":{"@id":"https:\/\/gileaddigital.com\/nattika\/#organization"},"potentialAction":[{"@type":"SearchAction","target":{"@type":"EntryPoint","urlTemplate":"https:\/\/gileaddigital.com\/nattika\/?s={search_term_string}"},"query-input":{"@type":"PropertyValueSpecification","valueRequired":true,"valueName":"search_term_string"}}],"inLanguage":"en-US"},{"@type":"Organization","@id":"https:\/\/gileaddigital.com\/nattika\/#organization","name":"Park Am See Nattika","url":"https:\/\/gileaddigital.com\/nattika\/","logo":{"@type":"ImageObject","inLanguage":"en-US","@id":"https:\/\/gileaddigital.com\/nattika\/#\/schema\/logo\/image\/","url":"https:\/\/gileaddigital.com\/nattika\/wp-content\/uploads\/2024\/12\/favicon-png.webp","contentUrl":"https:\/\/gileaddigital.com\/nattika\/wp-content\/uploads\/2024\/12\/favicon-png.webp","width":32,"height":32,"caption":"Park Am See Nattika"},"image":{"@id":"https:\/\/gileaddigital.com\/nattika\/#\/schema\/logo\/image\/"},"sameAs":["https:\/\/www.facebook.com\/profile.php?id=61553061548393&mibextid=ZbWKwL","https:\/\/www.instagram.com\/park.am.see.nattika\/","https:\/\/www.youtube.com\/watch?v=dD89haX2moo"]},{"@type":"Person","@id":"https:\/\/gileaddigital.com\/nattika\/#\/schema\/person\/3974e8b2645b538df1de7e1b2acd20fd","name":"park-amsee-admn","image":{"@type":"ImageObject","inLanguage":"en-US","@id":"https:\/\/secure.gravatar.com\/avatar\/207a1f390b07c7481f9d7ea54e215c4af3ef7dc412596c7baf7b9074c9ac14ad?s=96&d=mm&r=g","url":"https:\/\/secure.gravatar.com\/avatar\/207a1f390b07c7481f9d7ea54e215c4af3ef7dc412596c7baf7b9074c9ac14ad?s=96&d=mm&r=g","contentUrl":"https:\/\/secure.gravatar.com\/avatar\/207a1f390b07c7481f9d7ea54e215c4af3ef7dc412596c7baf7b9074c9ac14ad?s=96&d=mm&r=g","caption":"park-amsee-admn"},"url":"https:\/\/gileaddigital.com\/nattika\/blogs\/author\/park-amsee-admn\/"}]}},"lang":"de","translations":{"de":1946,"en":2534},"pll_sync_post":[],"_links":{"self":[{"href":"https:\/\/gileaddigital.com\/nattika\/wp-json\/wp\/v2\/posts\/1946","targetHints":{"allow":["GET"]}}],"collection":[{"href":"https:\/\/gileaddigital.com\/nattika\/wp-json\/wp\/v2\/posts"}],"about":[{"href":"https:\/\/gileaddigital.com\/nattika\/wp-json\/wp\/v2\/types\/post"}],"author":[{"embeddable":true,"href":"https:\/\/gileaddigital.com\/nattika\/wp-json\/wp\/v2\/users\/2"}],"replies":[{"embeddable":true,"href":"https:\/\/gileaddigital.com\/nattika\/wp-json\/wp\/v2\/comments?post=1946"}],"version-history":[{"count":4,"href":"https:\/\/gileaddigital.com\/nattika\/wp-json\/wp\/v2\/posts\/1946\/revisions"}],"predecessor-version":[{"id":2692,"href":"https:\/\/gileaddigital.com\/nattika\/wp-json\/wp\/v2\/posts\/1946\/revisions\/2692"}],"wp:featuredmedia":[{"embeddable":true,"href":"https:\/\/gileaddigital.com\/nattika\/wp-json\/wp\/v2\/media\/3197"}],"wp:attachment":[{"href":"https:\/\/gileaddigital.com\/nattika\/wp-json\/wp\/v2\/media?parent=1946"}],"wp:term":[{"taxonomy":"category","embeddable":true,"href":"https:\/\/gileaddigital.com\/nattika\/wp-json\/wp\/v2\/categories?post=1946"},{"taxonomy":"post_tag","embeddable":true,"href":"https:\/\/gileaddigital.com\/nattika\/wp-json\/wp\/v2\/tags?post=1946"}],"curies":[{"name":"wp","href":"https:\/\/api.w.org\/{rel}","templated":true}]}}