{"id":12906,"date":"2025-10-15T12:15:50","date_gmt":"2025-10-15T12:15:50","guid":{"rendered":"https:\/\/gileaddigital.com\/nattika\/?p=12906"},"modified":"2025-12-12T16:33:42","modified_gmt":"2025-12-12T16:33:42","slug":"die-kraft-des-atems-wie-pranayama-ihre-mentale-balance-staerkt","status":"publish","type":"post","link":"https:\/\/gileaddigital.com\/nattika\/blogs\/die-kraft-des-atems-wie-pranayama-ihre-mentale-balance-staerkt\/","title":{"rendered":"Die Kraft des Atems &#8211; wie Pranayama Ihre mentale Balance st\u00e4rkt"},"content":{"rendered":"\t\t<div data-elementor-type=\"wp-post\" data-elementor-id=\"12906\" class=\"elementor elementor-12906\" data-elementor-post-type=\"post\">\n\t\t\t\t<div class=\"elementor-element elementor-element-bfd2668 e-flex e-con-boxed e-con e-parent\" data-id=\"bfd2668\" data-element_type=\"container\" data-e-type=\"container\">\n\t\t\t\t\t<div class=\"e-con-inner\">\n\t\t<div class=\"elementor-element elementor-element-ad6ee8f e-con-full e-flex e-con e-child\" data-id=\"ad6ee8f\" data-element_type=\"container\" data-e-type=\"container\">\n\t\t\t\t<div class=\"elementor-element elementor-element-055159e elementor-widget elementor-widget-text-editor\" data-id=\"055159e\" data-element_type=\"widget\" data-e-type=\"widget\" data-widget_type=\"text-editor.default\">\n\t\t\t\t<div class=\"elementor-widget-container\">\n\t\t\t\t\t\t\t\t\t<p>Pranayama, die Kunst der bewussten Atmung, ist ein zentrales Element der ayurvedischen und yogischen Heiltradition. Der Atem gilt nicht nur als Lebensenergie (Prana), sondern als Br\u00fccke zwischen K\u00f6rper und Geist. Mit jedem bewussten Atemzug \u00f6ffnen wir einen Raum f\u00fcr Klarheit, innere Ruhe und mehr emotionale Stabilit\u00e4t. In unserem Ayurveda Kurzentrum begleiten wir diesen Prozess achtsam, damit Pranayama zu einem wirkungsvollen Werkzeug f\u00fcr Ihr mentales Wohlbefinden wird. Einige Einblicke<br \/>der weiteren Techniken finden Sie in der Ayurveda Philosophie.<\/p><h3 style=\"text-align: left;\">Die Kraft von Pranayama: Atem, Energie und Balance<\/h3><p>Im hektischen Alltag atmen viele Menschen flach, oft unbewusst. Dieser Rhythmus verst\u00e4rkt innere Unruhe und bringt K\u00f6rper und Geist langfristig aus dem Gleichgewicht. Pranayama setzt genau hier an, um diese Balance wiederherzustellen.<br \/>Der Begriff selbst leitet sich von zwei Sanskrit-W\u00f6rtern ab: Prana (die feine Lebenskraft, die uns erh\u00e4lt) und Ayama (Kontrolle oder Ausdehnung). Pranayama bedeutet also weit mehr als blo\u00dfes Atmen. Es ist die bewusste Regulierung und Erweiterung der Lebensenergie. Um diese Harmonie zu erzeugen, nutzt die Praxis einen Zyklus aus drei grundlegenden Schritten:<\/p><ul><li><strong>Puraka (Einatmung):<\/strong> Das bewusste Aufnehmen von Atem und frischer Energie.<\/li><li><strong>Kumbhaka (Halten):<\/strong> Ein Moment der Stille, in dem der K\u00f6rper das Prana gr\u00fcndlich aufnehmen kann.<\/li><li><strong>Rechaka (Ausatmung):<\/strong> Das gezielte Loslassen von verbrauchter Luft, Toxinen und mentalem Stress.<\/li><\/ul>\t\t\t\t\t\t\t\t<\/div>\n\t\t\t\t<\/div>\n\t\t\t\t<\/div>\n\t\t<div class=\"elementor-element elementor-element-e42915e e-con-full e-flex e-con e-child\" data-id=\"e42915e\" data-element_type=\"container\" data-e-type=\"container\">\n\t\t\t\t<div class=\"elementor-element elementor-element-225b39a elementor-widget elementor-widget-image\" data-id=\"225b39a\" data-element_type=\"widget\" data-e-type=\"widget\" data-widget_type=\"image.default\">\n\t\t\t\t<div class=\"elementor-widget-container\">\n\t\t\t\t\t\t\t\t\t\t\t\t\t\t\t<img fetchpriority=\"high\" decoding=\"async\" width=\"538\" height=\"639\" src=\"https:\/\/gileaddigital.com\/nattika\/wp-content\/uploads\/2025\/10\/Pranayama-als-ganzheitliche-Heilungsmethode.webp\" class=\"attachment-large size-large wp-image-12910\" alt=\"Pranayama als ganzheitliche Heilungsmethode\" srcset=\"https:\/\/gileaddigital.com\/nattika\/wp-content\/uploads\/2025\/10\/Pranayama-als-ganzheitliche-Heilungsmethode.webp 538w, https:\/\/gileaddigital.com\/nattika\/wp-content\/uploads\/2025\/10\/Pranayama-als-ganzheitliche-Heilungsmethode-253x300.webp 253w\" sizes=\"(max-width: 538px) 100vw, 538px\" \/>\t\t\t\t\t\t\t\t\t\t\t\t\t\t\t<\/div>\n\t\t\t\t<\/div>\n\t\t\t\t<\/div>\n\t\t\t\t\t<\/div>\n\t\t\t\t<\/div>\n\t\t<div class=\"elementor-element elementor-element-3855c8f e-flex e-con-boxed e-con e-parent\" data-id=\"3855c8f\" data-element_type=\"container\" data-e-type=\"container\">\n\t\t\t\t\t<div class=\"e-con-inner\">\n\t\t\t\t<div class=\"elementor-element elementor-element-587afaa elementor-widget elementor-widget-text-editor\" data-id=\"587afaa\" data-element_type=\"widget\" data-e-type=\"widget\" data-widget_type=\"text-editor.default\">\n\t\t\t\t<div class=\"elementor-widget-container\">\n\t\t\t\t\t\t\t\t\t<p>Durch diese gezielte Atemlenkung wird das autonome Nervensystem harmonisiert, der K\u00f6rper synchronisiert und ein meditativer Zustand geschaffen, der Konzentration und emotionale Stabilit\u00e4t f\u00f6rdert. Auch der Ayurveda beschreibt, dass Prana frei flie\u00dfen muss, um Vitalit\u00e4t, mentale Klarheit und emotionale Balance zu erhalten. Wenn der Atem stockt, stockt auch das innere Gleichgewicht. Durch regelm\u00e4\u00dfiges \u00dcben dieser drei Phasen l\u00f6sen sich solche Blockaden behutsam auf, und es entsteht ein tiefes Gef\u00fchl der Ruhe. Dies ist ein ganzheitlicher Ansatz zur St\u00e4rkung der Lebenskraft, den wir in unseren Behandlungen ausf\u00fchrlich beleuchten.<\/p><h3>Die wichtigsten Pranayama-Techniken und ihre Wirkung<\/h3><p>Ayurveda und Yoga nutzen eine Vielzahl an Atemtechniken, die unterschiedliche Wirkungen auf Geist und K\u00f6rper entfalten. Zu den beliebtesten und effektivsten geh\u00f6ren:<br \/>\u2022 <strong>Nadi Shodhana (Wechselatmung):<\/strong> Harmonisiert beide Gehirnh\u00e4lften, beruhigt den Geist und f\u00f6rdert emotionale Stabilit\u00e4t.<br \/>\u2022 <strong>Ujjayi-Atem (Siegesatmung):<\/strong> W\u00e4rmt den K\u00f6rper, st\u00e4rkt die Konzentration und schenkt tiefe innere Pr\u00e4senz.<br \/>\u2022 <strong>Kapalabhati (Leuchtender Sch\u00e4del):<\/strong> Aktiviert den Stoffwechsel, kl\u00e4rt den Geist und hilft, stagnierende Energie zu l\u00f6sen.<br \/>\u2022 <strong>Bhramari (Bienensummen):<\/strong> Eine beruhigende Technik, die Nervensystem und Herzfrequenz nachweislich entspannt.<br \/>Diese Atemtechniken wirken nicht nur w\u00e4hrend der \u00dcbung. Sie schaffen Grundlagen f\u00fcr Resilienz und mentale Balance im Alltag. Weitere Anwendungsimpulse finden Sie bei unseren Heilmethoden.<\/p><h3>Was moderne Forschung \u00fcber Atemtechniken zeigt<\/h3><p>Die Wirkung von Pranayama ist inzwischen best\u00e4tigt. Wissenschaft und Ayurveda treffen sich dabei auf faszinierende Weise:<br \/>\u2022 Stressreduktion: Studien zeigen, dass tiefe Atemtechniken den Parasympathikus aktivieren. Das ist der Teil des Nervensystems, der f\u00fcr Entspannung zust\u00e4ndig ist.<br \/>\u2022 Verbesserte Herzvariabilit\u00e4t: Ein zentraler Indikator f\u00fcr Resilienz und emotionale Stabilit\u00e4t.<br \/>\u2022 Kognitive Klarheit: Bewusste Atmung reduziert mentale Streuung und verbessert Fokus sowie Ged\u00e4chtnisleistung.<br \/>\u2022 Regulation von Emotionen: Atemtechniken wirken direkt auf das limbische System &#8211; das emotionale Zentrum des Gehirns. Damit best\u00e4tigt die Wissenschaft, was Ayurveda seit Jahrtausenden lehrt: Der Atem ist ein machtvolles Werkzeug zur Stabilisierung der inneren Welt.<\/p><h3>Pranayama f\u00fcr die Dosha-Balance<\/h3><p>Da im Ayurveda jeder Mensch ein individuelles Dosha (Konstitution) besitzt, wird auch die Atempraxis entsprechend angepasst:<br \/>\u2022 <strong>Vata:<\/strong> Ruhige, erdende Atemtechniken wie Nadi Shodhana oder sanfte verl\u00e4ngerte Ausatmungen bringen Stabilit\u00e4t und beruhigen innere Unruhe.<br \/>\u2022 Pitta: K\u00fchlende Atemformen wie Shitali eduzieren Hitze, Reizbarkeit und Leistungsdruck.<br \/>\u2022 Kapha: Aktivierende Techniken wie Kapalabhati oder intensiver Ujjayi-Atem f\u00f6rdern Leichtigkeit, Antriebskraft und mentale Klarheit.<br \/>Bevor Ihre Kur beginnt, begleitet Sie unser erfahrenes \u00c4rzteteam durch eine ausf\u00fchrliche Anamnese. So verstehen Sie genau, welches Dosha bei Ihnen ausgeglichen werden sollte und welche Atemtechniken Ihre innere Balance am besten unterst\u00fctzen.<\/p><h3>Wie Sie Pranayama sicher und wirksam \u00fcben<\/h3><p>Eine kraftvolle Atempraxis entsteht aus Achtsamkeit und nicht aus Anstrengung. F\u00fcr einen stabilen Einstieg empfehlen wir:<br \/>1. Sanft beginnen: Mit wenigen Minuten t\u00e4glich starten. Hier z\u00e4hlt Qualit\u00e4t vor Dauer.<br \/>2. Aufrechte Haltung einnehmen: Ein stabiler, entspannter Sitz erm\u00f6glicht den freien Fluss des Atems.<br \/>3. Warm-up durch sanfte Bewegungen: Leichte Mobilisation oder Yoga bereitet den K\u00f6rper optimal vor.<br \/>4. Achtsam bleiben: Den Atem beobachten, ohne ihn gewaltsam zu formen.<br \/>5. Nachsp\u00fcren: Einige Momente Ruhe nach der \u00dcbung verst\u00e4rken die Wirkung. Vertiefende Atem- und K\u00f6rper\u00fcbungen stellen wir in unserem Yoga &amp; Therapieprogramm vor.<\/p><h3>Warum Pranayama im Retreat so transformierend wirkt<\/h3><p>In der Ayurveda Kur verbinden wir traditionelle Atemtechniken mit moderner therapeutischer Begleitung. Die ruhige Natur, die klaren Strukturen des Tages und die achtsame Unterst\u00fctzung unseres Ayurveda-Teams schaffen einen Raum, in dem Pranayama nicht nur gelehrt, sondern erlebt wird. Viele G\u00e4ste berichten, dass der Atem hier zum ersten Mal wieder richtig ankommt. Frei, ohne Druck, ohne Erwartung. Pranayama als Schl\u00fcssel zu mentaler Klarheit und emotionaler St\u00e4rke Pranayama ist ein kraftvoller Weg zu mehr Balance, innerer Ruhe und mentaler Stabilit\u00e4t. Durch bewusste Atemlenkung aktivieren Sie nat\u00fcrliche Selbstheilungskr\u00e4fte, harmonisieren die Doshas und schaffen einen tiefen Zugang zu Ihrer eigenen Mitte. Im Retreat Park Am See Nattika Ayurveda begleiten wir Sie dabei achtsam und individuell, damit der Atem zu einem Werkzeug f\u00fcr Ihre nachhaltige innere St\u00e4rke wird.<\/p>\t\t\t\t\t\t\t\t<\/div>\n\t\t\t\t<\/div>\n\t\t\t\t\t<\/div>\n\t\t\t\t<\/div>\n\t\t<div class=\"elementor-element elementor-element-dbe8fa4 e-flex e-con-boxed e-con e-parent\" data-id=\"dbe8fa4\" data-element_type=\"container\" data-e-type=\"container\">\n\t\t\t\t\t<div class=\"e-con-inner\">\n\t\t<div class=\"elementor-element elementor-element-d50625d e-con-full e-flex e-con e-child\" data-id=\"d50625d\" data-element_type=\"container\" data-e-type=\"container\">\n\t\t<div class=\"elementor-element elementor-element-ff016b9 e-con-full e-flex e-con e-child\" data-id=\"ff016b9\" data-element_type=\"container\" data-e-type=\"container\">\n\t\t<div class=\"elementor-element elementor-element-cfb23dc e-con-full e-flex e-con e-child\" data-id=\"cfb23dc\" data-element_type=\"container\" data-e-type=\"container\">\n\t\t<div class=\"elementor-element elementor-element-be72911 e-con-full e-flex e-con e-child\" data-id=\"be72911\" data-element_type=\"container\" data-e-type=\"container\">\n\t\t\t\t<\/div>\n\t\t<div class=\"elementor-element elementor-element-80c4f9e e-con-full e-flex e-con e-child\" data-id=\"80c4f9e\" data-element_type=\"container\" data-e-type=\"container\">\n\t\t\t\t<div class=\"elementor-element elementor-element-9bac7b4 elementor-widget elementor-widget-heading\" data-id=\"9bac7b4\" data-element_type=\"widget\" data-e-type=\"widget\" data-widget_type=\"heading.default\">\n\t\t\t\t<div class=\"elementor-widget-container\">\n\t\t\t\t\t<h2 class=\"elementor-heading-title elementor-size-default\">H\u00e4ufig Gestellte Fragen<\/h2>\t\t\t\t<\/div>\n\t\t\t\t<\/div>\n\t\t\t\t<div class=\"elementor-element elementor-element-fa4aafc elementor-widget elementor-widget-n-accordion\" data-id=\"fa4aafc\" data-element_type=\"widget\" data-e-type=\"widget\" data-settings=\"{&quot;default_state&quot;:&quot;expanded&quot;,&quot;max_items_expended&quot;:&quot;one&quot;,&quot;n_accordion_animation_duration&quot;:{&quot;unit&quot;:&quot;ms&quot;,&quot;size&quot;:400,&quot;sizes&quot;:[]}}\" data-widget_type=\"nested-accordion.default\">\n\t\t\t\t<div class=\"elementor-widget-container\">\n\t\t\t\t\t\t\t<div class=\"e-n-accordion\" aria-label=\"Accordion. Open links with Enter or Space, close with Escape, and navigate with Arrow Keys\">\n\t\t\t\t\t\t<details id=\"e-n-accordion-item-2620\" class=\"e-n-accordion-item\" open>\n\t\t\t\t<summary class=\"e-n-accordion-item-title\" data-accordion-index=\"1\" tabindex=\"0\" aria-expanded=\"true\" aria-controls=\"e-n-accordion-item-2620\" >\n\t\t\t\t\t<span class='e-n-accordion-item-title-header'><div class=\"e-n-accordion-item-title-text\"> Was ist Pranayama? <\/div><\/span>\n\t\t\t\t\t\t\t<span class='e-n-accordion-item-title-icon'>\n\t\t\t<span class='e-opened' ><svg aria-hidden=\"true\" class=\"e-font-icon-svg e-fas-minus\" viewBox=\"0 0 448 512\" xmlns=\"http:\/\/www.w3.org\/2000\/svg\"><path d=\"M416 208H32c-17.67 0-32 14.33-32 32v32c0 17.67 14.33 32 32 32h384c17.67 0 32-14.33 32-32v-32c0-17.67-14.33-32-32-32z\"><\/path><\/svg><\/span>\n\t\t\t<span class='e-closed'><svg aria-hidden=\"true\" class=\"e-font-icon-svg e-fas-plus\" viewBox=\"0 0 448 512\" xmlns=\"http:\/\/www.w3.org\/2000\/svg\"><path d=\"M416 208H272V64c0-17.67-14.33-32-32-32h-32c-17.67 0-32 14.33-32 32v144H32c-17.67 0-32 14.33-32 32v32c0 17.67 14.33 32 32 32h144v144c0 17.67 14.33 32 32 32h32c17.67 0 32-14.33 32-32V304h144c17.67 0 32-14.33 32-32v-32c0-17.67-14.33-32-32-32z\"><\/path><\/svg><\/span>\n\t\t<\/span>\n\n\t\t\t\t\t\t<\/summary>\n\t\t\t\t<div role=\"region\" aria-labelledby=\"e-n-accordion-item-2620\" class=\"elementor-element elementor-element-16200ce e-con-full faq-content e-flex e-con e-child\" data-id=\"16200ce\" data-element_type=\"container\" data-e-type=\"container\">\n\t\t\t\t<div class=\"elementor-element elementor-element-20009b9 elementor-widget elementor-widget-text-editor\" data-id=\"20009b9\" data-element_type=\"widget\" data-e-type=\"widget\" data-widget_type=\"text-editor.default\">\n\t\t\t\t<div class=\"elementor-widget-container\">\n\t\t\t\t\t\t\t\t\t<p>Eine traditionelle Atempraxis, die den Energiefluss harmonisiert, Geist und K\u00f6rper verbindet und mentale Balance st\u00e4rkt.<\/p>\t\t\t\t\t\t\t\t<\/div>\n\t\t\t\t<\/div>\n\t\t\t\t<\/div>\n\t\t\t\t\t<\/details>\n\t\t\t\t\t\t<details id=\"e-n-accordion-item-2621\" class=\"e-n-accordion-item\" >\n\t\t\t\t<summary class=\"e-n-accordion-item-title\" data-accordion-index=\"2\" tabindex=\"-1\" aria-expanded=\"false\" aria-controls=\"e-n-accordion-item-2621\" >\n\t\t\t\t\t<span class='e-n-accordion-item-title-header'><div class=\"e-n-accordion-item-title-text\"> Ist Pranayama f\u00fcr jeden geeignet? <\/div><\/span>\n\t\t\t\t\t\t\t<span class='e-n-accordion-item-title-icon'>\n\t\t\t<span class='e-opened' ><svg aria-hidden=\"true\" class=\"e-font-icon-svg e-fas-minus\" viewBox=\"0 0 448 512\" xmlns=\"http:\/\/www.w3.org\/2000\/svg\"><path d=\"M416 208H32c-17.67 0-32 14.33-32 32v32c0 17.67 14.33 32 32 32h384c17.67 0 32-14.33 32-32v-32c0-17.67-14.33-32-32-32z\"><\/path><\/svg><\/span>\n\t\t\t<span class='e-closed'><svg aria-hidden=\"true\" class=\"e-font-icon-svg e-fas-plus\" viewBox=\"0 0 448 512\" xmlns=\"http:\/\/www.w3.org\/2000\/svg\"><path d=\"M416 208H272V64c0-17.67-14.33-32-32-32h-32c-17.67 0-32 14.33-32 32v144H32c-17.67 0-32 14.33-32 32v32c0 17.67 14.33 32 32 32h144v144c0 17.67 14.33 32 32 32h32c17.67 0 32-14.33 32-32V304h144c17.67 0 32-14.33 32-32v-32c0-17.67-14.33-32-32-32z\"><\/path><\/svg><\/span>\n\t\t<\/span>\n\n\t\t\t\t\t\t<\/summary>\n\t\t\t\t<div role=\"region\" aria-labelledby=\"e-n-accordion-item-2621\" class=\"elementor-element elementor-element-4c38a2f e-con-full faq-content e-flex e-con e-child\" data-id=\"4c38a2f\" data-element_type=\"container\" data-e-type=\"container\">\n\t\t\t\t<div class=\"elementor-element elementor-element-804ee3d elementor-widget elementor-widget-text-editor\" data-id=\"804ee3d\" data-element_type=\"widget\" data-e-type=\"widget\" data-widget_type=\"text-editor.default\">\n\t\t\t\t<div class=\"elementor-widget-container\">\n\t\t\t\t\t\t\t\t\t<p>Ja, besonders bei professioneller Anleitung. Techniken werden stets an Ihre Konstitution angepasst.<\/p>\t\t\t\t\t\t\t\t<\/div>\n\t\t\t\t<\/div>\n\t\t\t\t<\/div>\n\t\t\t\t\t<\/details>\n\t\t\t\t\t\t<details id=\"e-n-accordion-item-2622\" class=\"e-n-accordion-item\" >\n\t\t\t\t<summary class=\"e-n-accordion-item-title\" data-accordion-index=\"3\" tabindex=\"-1\" aria-expanded=\"false\" aria-controls=\"e-n-accordion-item-2622\" >\n\t\t\t\t\t<span class='e-n-accordion-item-title-header'><div class=\"e-n-accordion-item-title-text\"> Wie schnell wirkt Pranayama? <\/div><\/span>\n\t\t\t\t\t\t\t<span class='e-n-accordion-item-title-icon'>\n\t\t\t<span class='e-opened' ><svg aria-hidden=\"true\" class=\"e-font-icon-svg e-fas-minus\" viewBox=\"0 0 448 512\" xmlns=\"http:\/\/www.w3.org\/2000\/svg\"><path d=\"M416 208H32c-17.67 0-32 14.33-32 32v32c0 17.67 14.33 32 32 32h384c17.67 0 32-14.33 32-32v-32c0-17.67-14.33-32-32-32z\"><\/path><\/svg><\/span>\n\t\t\t<span class='e-closed'><svg aria-hidden=\"true\" class=\"e-font-icon-svg e-fas-plus\" viewBox=\"0 0 448 512\" xmlns=\"http:\/\/www.w3.org\/2000\/svg\"><path d=\"M416 208H272V64c0-17.67-14.33-32-32-32h-32c-17.67 0-32 14.33-32 32v144H32c-17.67 0-32 14.33-32 32v32c0 17.67 14.33 32 32 32h144v144c0 17.67 14.33 32 32 32h32c17.67 0 32-14.33 32-32V304h144c17.67 0 32-14.33 32-32v-32c0-17.67-14.33-32-32-32z\"><\/path><\/svg><\/span>\n\t\t<\/span>\n\n\t\t\t\t\t\t<\/summary>\n\t\t\t\t<div role=\"region\" aria-labelledby=\"e-n-accordion-item-2622\" class=\"elementor-element elementor-element-81b5349 e-con-full faq-content e-flex e-con e-child\" data-id=\"81b5349\" data-element_type=\"container\" data-e-type=\"container\">\n\t\t\t\t<div class=\"elementor-element elementor-element-d13729a elementor-widget elementor-widget-text-editor\" data-id=\"d13729a\" data-element_type=\"widget\" data-e-type=\"widget\" data-widget_type=\"text-editor.default\">\n\t\t\t\t<div class=\"elementor-widget-container\">\n\t\t\t\t\t\t\t\t\t<p>Viele Menschen sp\u00fcren schon nach wenigen Atemz\u00fcgen Entspannung. Langfristige Balance entsteht durch regelm\u00e4\u00dfige \u00dcbung.<\/p>\t\t\t\t\t\t\t\t<\/div>\n\t\t\t\t<\/div>\n\t\t\t\t<\/div>\n\t\t\t\t\t<\/details>\n\t\t\t\t\t\t<details id=\"e-n-accordion-item-2623\" class=\"e-n-accordion-item\" >\n\t\t\t\t<summary class=\"e-n-accordion-item-title\" data-accordion-index=\"4\" tabindex=\"-1\" aria-expanded=\"false\" aria-controls=\"e-n-accordion-item-2623\" >\n\t\t\t\t\t<span class='e-n-accordion-item-title-header'><div class=\"e-n-accordion-item-title-text\"> Hilft Pranayama bei Stress und Angst? <\/div><\/span>\n\t\t\t\t\t\t\t<span class='e-n-accordion-item-title-icon'>\n\t\t\t<span class='e-opened' ><svg aria-hidden=\"true\" class=\"e-font-icon-svg e-fas-minus\" viewBox=\"0 0 448 512\" xmlns=\"http:\/\/www.w3.org\/2000\/svg\"><path d=\"M416 208H32c-17.67 0-32 14.33-32 32v32c0 17.67 14.33 32 32 32h384c17.67 0 32-14.33 32-32v-32c0-17.67-14.33-32-32-32z\"><\/path><\/svg><\/span>\n\t\t\t<span class='e-closed'><svg aria-hidden=\"true\" class=\"e-font-icon-svg e-fas-plus\" viewBox=\"0 0 448 512\" xmlns=\"http:\/\/www.w3.org\/2000\/svg\"><path d=\"M416 208H272V64c0-17.67-14.33-32-32-32h-32c-17.67 0-32 14.33-32 32v144H32c-17.67 0-32 14.33-32 32v32c0 17.67 14.33 32 32 32h144v144c0 17.67 14.33 32 32 32h32c17.67 0 32-14.33 32-32V304h144c17.67 0 32-14.33 32-32v-32c0-17.67-14.33-32-32-32z\"><\/path><\/svg><\/span>\n\t\t<\/span>\n\n\t\t\t\t\t\t<\/summary>\n\t\t\t\t<div role=\"region\" aria-labelledby=\"e-n-accordion-item-2623\" class=\"elementor-element elementor-element-4dbeae3 faq-content e-flex e-con-boxed e-con e-child\" data-id=\"4dbeae3\" data-element_type=\"container\" data-e-type=\"container\">\n\t\t\t\t\t<div class=\"e-con-inner\">\n\t\t\t\t<div class=\"elementor-element elementor-element-b149ca5 elementor-widget elementor-widget-text-editor\" data-id=\"b149ca5\" data-element_type=\"widget\" data-e-type=\"widget\" data-widget_type=\"text-editor.default\">\n\t\t\t\t<div class=\"elementor-widget-container\">\n\t\t\t\t\t\t\t\t\t<p>Ja, da es das Nervensystem reguliert und tiefe Entspannung f\u00f6rdert.<\/p>\t\t\t\t\t\t\t\t<\/div>\n\t\t\t\t<\/div>\n\t\t\t\t\t<\/div>\n\t\t\t\t<\/div>\n\t\t\t\t\t<\/details>\n\t\t\t\t\t\t<details id=\"e-n-accordion-item-2624\" class=\"e-n-accordion-item\" >\n\t\t\t\t<summary class=\"e-n-accordion-item-title\" data-accordion-index=\"5\" tabindex=\"-1\" aria-expanded=\"false\" aria-controls=\"e-n-accordion-item-2624\" >\n\t\t\t\t\t<span class='e-n-accordion-item-title-header'><div class=\"e-n-accordion-item-title-text\"> Wie oft sollte man \u00fcben? <\/div><\/span>\n\t\t\t\t\t\t\t<span class='e-n-accordion-item-title-icon'>\n\t\t\t<span class='e-opened' ><svg aria-hidden=\"true\" class=\"e-font-icon-svg e-fas-minus\" viewBox=\"0 0 448 512\" xmlns=\"http:\/\/www.w3.org\/2000\/svg\"><path d=\"M416 208H32c-17.67 0-32 14.33-32 32v32c0 17.67 14.33 32 32 32h384c17.67 0 32-14.33 32-32v-32c0-17.67-14.33-32-32-32z\"><\/path><\/svg><\/span>\n\t\t\t<span class='e-closed'><svg aria-hidden=\"true\" class=\"e-font-icon-svg e-fas-plus\" viewBox=\"0 0 448 512\" xmlns=\"http:\/\/www.w3.org\/2000\/svg\"><path d=\"M416 208H272V64c0-17.67-14.33-32-32-32h-32c-17.67 0-32 14.33-32 32v144H32c-17.67 0-32 14.33-32 32v32c0 17.67 14.33 32 32 32h144v144c0 17.67 14.33 32 32 32h32c17.67 0 32-14.33 32-32V304h144c17.67 0 32-14.33 32-32v-32c0-17.67-14.33-32-32-32z\"><\/path><\/svg><\/span>\n\t\t<\/span>\n\n\t\t\t\t\t\t<\/summary>\n\t\t\t\t<div role=\"region\" aria-labelledby=\"e-n-accordion-item-2624\" class=\"elementor-element elementor-element-f7fa361 e-flex e-con-boxed e-con e-child\" data-id=\"f7fa361\" data-element_type=\"container\" data-e-type=\"container\">\n\t\t\t\t\t<div class=\"e-con-inner\">\n\t\t<div role=\"region\" aria-labelledby=\"e-n-accordion-item-2624\" class=\"elementor-element elementor-element-5994fc3 e-con-full e-flex e-con e-child\" data-id=\"5994fc3\" data-element_type=\"container\" data-e-type=\"container\">\n\t\t\t\t<div class=\"elementor-element elementor-element-5d3d8fe elementor-widget elementor-widget-text-editor\" data-id=\"5d3d8fe\" data-element_type=\"widget\" data-e-type=\"widget\" data-widget_type=\"text-editor.default\">\n\t\t\t\t<div class=\"elementor-widget-container\">\n\t\t\t\t\t\t\t\t\t<p>Bereits 5-10 Minuten t\u00e4glich k\u00f6nnen nachhaltige, positive Ver\u00e4nderungen bewirken.<\/p>\t\t\t\t\t\t\t\t<\/div>\n\t\t\t\t<\/div>\n\t\t\t\t<\/div>\n\t\t\t\t\t<\/div>\n\t\t\t\t<\/div>\n\t\t\t\t\t<\/details>\n\t\t\t\t\t<\/div>\n\t\t\t\t\t\t<\/div>\n\t\t\t\t<\/div>\n\t\t\t\t<\/div>\n\t\t<div class=\"elementor-element elementor-element-a8bb175 e-con-full e-flex e-con e-child\" data-id=\"a8bb175\" data-element_type=\"container\" data-e-type=\"container\">\n\t\t\t\t<\/div>\n\t\t\t\t<\/div>\n\t\t\t\t<\/div>\n\t\t\t\t<\/div>\n\t\t\t\t\t<\/div>\n\t\t\t\t<\/div>\n\t\t<div class=\"elementor-element elementor-element-9dd037d e-flex e-con-boxed e-con e-parent\" data-id=\"9dd037d\" data-element_type=\"container\" data-e-type=\"container\">\n\t\t\t\t\t<div class=\"e-con-inner\">\n\t\t\t\t<div class=\"elementor-element elementor-element-146253e elementor-widget elementor-widget-html\" data-id=\"146253e\" data-element_type=\"widget\" data-e-type=\"widget\" data-widget_type=\"html.default\">\n\t\t\t\t<div class=\"elementor-widget-container\">\n\t\t\t\t\t<script type=\"application\/ld+json\">\r\n{\r\n  \"@context\": \"https:\/\/schema.org\",\r\n  \"@type\": \"FAQPage\",\r\n  \"mainEntity\": [\r\n    {\r\n      \"@type\": \"Question\",\r\n      \"name\": \"Wann ist die beste Zeit, um Pranayama zu praktizieren?\",\r\n      \"acceptedAnswer\": {\r\n        \"@type\": \"Answer\",\r\n        \"text\": \"Am besten ist der fr\u00fche Morgen oder der Abend, idealerweise vor Sonnenaufgang. Die Luft ist rein und der Geist ist ruhig, sodass man sich leichter auf die Atmung konzentrieren kann.\"\r\n      }\r\n    },\r\n    {\r\n      \"@type\": \"Question\",\r\n      \"name\": \"K\u00f6nnen Anf\u00e4nger Pranayama zu Hause praktizieren?\",\r\n      \"acceptedAnswer\": {\r\n        \"@type\": \"Answer\",\r\n        \"text\": \"Ja, Anf\u00e4nger k\u00f6nnen mit einfachen Techniken wie Nadi Shodhana oder Dirga Pranayama beginnen. Das Lernen unter fachkundiger Anleitung gew\u00e4hrleistet jedoch die richtige Technik und Sicherheit.\"\r\n      }\r\n    },\r\n    {\r\n      \"@type\": \"Question\",\r\n      \"name\": \"Wie erg\u00e4nzt Pranayama Ayurveda-Behandlungen?\",\r\n      \"acceptedAnswer\": {\r\n        \"@type\": \"Answer\",\r\n        \"text\": \"Im Ayurveda ist der Atem der Kanal f\u00fcr Prana \u2013 die Lebenskraft, die alle K\u00f6rperfunktionen steuert. Das Praktizieren von Pranayama verbessert den Sauerstofffluss, gleicht die Doshas aus und unterst\u00fctzt die Wirksamkeit ayurvedischer Therapien.\"\r\n      }\r\n    },\r\n    {\r\n      \"@type\": \"Question\",\r\n      \"name\": \"Ist Pranayama hilfreich bei Stress und Angstzust\u00e4nden?\",\r\n      \"acceptedAnswer\": {\r\n        \"@type\": \"Answer\",\r\n        \"text\": \"Auf jeden Fall. Pranayama aktiviert das parasympathische Nervensystem, beruhigt K\u00f6rper und Geist, senkt den Cortisolspiegel und f\u00f6rdert das emotionale Gleichgewicht.\"\r\n      }\r\n    },\r\n    {\r\n      \"@type\": \"Question\",\r\n      \"name\": \"Kann ich Pranayama-Sitzungen im Retreat Park Am See Nattika Ayurveda erleben?\",\r\n      \"acceptedAnswer\": {\r\n        \"@type\": \"Answer\",\r\n        \"text\": \"Ja. Das Retreat bietet im Rahmen seiner Wellness-Programme gef\u00fchrte Pranayama-Sitzungen an, bei denen die G\u00e4ste in einer nat\u00fcrlichen, ruhigen Umgebung tiefe Entspannung und innere Klarheit erleben k\u00f6nnen.\"\r\n      }\r\n    }\r\n  ]\r\n}\r\n<\/script>\r\n\t\t\t\t<\/div>\n\t\t\t\t<\/div>\n\t\t\t\t\t<\/div>\n\t\t\t\t<\/div>\n\t\t<div class=\"elementor-element elementor-element-1e8226f e-flex e-con-boxed e-con e-parent\" data-id=\"1e8226f\" data-element_type=\"container\" data-e-type=\"container\">\n\t\t\t\t\t<div class=\"e-con-inner\">\n\t\t\t\t<div class=\"elementor-element elementor-element-90c495b elementor-widget elementor-widget-html\" data-id=\"90c495b\" data-element_type=\"widget\" data-e-type=\"widget\" data-widget_type=\"html.default\">\n\t\t\t\t<div class=\"elementor-widget-container\">\n\t\t\t\t\t<section class=\"amenities-area\" style=\"padding-top: 20px;\">\r\n<div class=\"container\">\r\n<div class=\"row align-items-end justify-content-left\">\r\n<div class=\"col-lg-10\">\r\n<div class=\"main_title\">\r\n<h2>Weiteres Entdecken<\/h2>\r\n<\/div>\r\n<\/div>\r\n<\/div>\r\n<div class=\"row justify-content-center\">\r\n\r\n<!-- single-blog -->\r\n<div class=\"col-lg-4 col-md-4 col-sm-6\">\r\n<div class=\"single-amenities\">\r\n<div class=\"amenities-thumb\"><a href=\"https:\/\/gileaddigital.com\/nattika\/blogs\/ayurvedischen-fasten-und-seine-modernen-vorteile\/\" target=\"_blank\">\r\n<img decoding=\"async\" class=\"img-fluid\" src=\"https:\/\/gileaddigital.com\/nattika\/wp-content\/uploads\/2025\/10\/Ayurvedisches-Heilfasten.webp\" alt=\"Ayurvedischen Fasten\" \/> <\/a><\/div>\r\n<div class=\"amenities-details\">\r\n<a href=\"https:\/\/gileaddigital.com\/nattika\/blogs\/ayurvedischen-fasten-und-seine-modernen-vorteile\/\" target=\"_blank\" style=\"text-decoration: none; color: inherit;\">\r\n<h5>Ayurvedischen Fasten<\/h5>\r\n<p class=\"truncate\" align=\"justify\">Ayurvedisches Heilfasten, oder Upavasa in seiner urspr\u00fcnglichen Sanskrit-Form, ist eine Erfahrung f\u00fcr den ganzen K\u00f6rper, den ganzen Geist und die ganze Seele und nicht nur eine Pause vom Essen. Die Praxis, die auf alten Prinzipien des Ayurveda basiert, zielt darauf ab, durch die Ausscheidung von Ama (Giftstoffen) und die Ruhepause f\u00fcr das Verdauungssystem einen Zustand von Langhana (Leichtigkeit) zu erreichen. Im Gegensatz zu den modernen restriktiven Fastenmethoden ist das ayurvedische Fasten sehr pers\u00f6nlich und individuell auf Ihr spezifisches Dosha-Ungleichgewicht, Agni (Verdauungsfeuer) und die Art Ihrer Erkrankung abgestimmt.\r\n<\/p>\r\n<\/a>\r\n<\/div>\r\n<\/div>\r\n<\/div>\r\n<!-- single-blog -->\r\n<div class=\"col-lg-4 col-md-4 col-sm-6\">\r\n<div class=\"single-amenities\">\r\n<div class=\"amenities-thumb\"><a href=\"https:\/\/gileaddigital.com\/nattika\/blogs\/erlebnis-park-am-sees-bewahrte-medizinische-getranke\/\" target=\"_blank\">\r\n<img decoding=\"async\" class=\"img-fluid\" src=\"https:\/\/gileaddigital.com\/nattika\/wp-content\/uploads\/2025\/11\/mehr-als-nur-fasten-1.webp\" alt=\"Mehr als nur Fasten\" \/> <\/a><\/div>\r\n<div class=\"amenities-details\">\r\n<a href=\"https:\/\/gileaddigital.com\/nattika\/blogs\/erlebnis-park-am-sees-bewahrte-medizinische-getranke\/\" target=\"_blank\" style=\"text-decoration: none; color: inherit;\">\r\n<h5>Mehr als nur Fasten<\/h5>\r\n<p class=\"truncate\" align=\"justify\">Fasten ist eine weithin anerkannte Behandlungsmethode, die von fast allen medizinischen Systemen weltweit bef\u00fcrwortet wird. Es hat die F\u00e4higkeit, den Stoffwechsel zu verbessern. Dar\u00fcber hinaus bietet das Fasten zahlreiche weitere Vorteile. Es ist eine der am h\u00e4ufigsten gew\u00e4hlten Behandlungsmethoden zur Gewichtsabnahme. In den verschiedenen Teilen der Welt werden unterschiedliche Fastentechniken angewandt; einige halten sich sehr streng daran, w\u00e4hrend andere es lockerer angehen. Die effizienteste Methode ist jedoch sicherlich die strengste. Das gr\u00f6\u00dfte Problem ist heutzutage, dass die meisten Menschen strengere Fastenarten nicht aushalten.<\/p>\r\n<\/a>\r\n<\/div>\r\n<\/div>\r\n<\/div>\r\n<!-- single-blog -->\r\n<div class=\"col-lg-4 col-md-4 col-sm-6\">\r\n<div class=\"single-amenities\">\r\n<div class=\"amenities-thumb\"><a href=\"https:\/\/gileaddigital.com\/nattika\/blogs\/ayurvedische-behandlungen-fur-muskelschmerzen-park-am-see\/\" target=\"_blank\">\r\n<img decoding=\"async\" class=\"img-fluid\" src=\"https:\/\/gileaddigital.com\/nattika\/wp-content\/uploads\/2024\/12\/Muscle-Pain-Massage.webp\" alt=\"Ayurvedische Behandlung Von Muskelschmerzen\" \/> <\/a><\/div>\r\n<div class=\"amenities-details\">\r\n<a href=\"https:\/\/gileaddigital.com\/nattika\/blogs\/ayurvedische-behandlungen-fur-muskelschmerzen-park-am-see\/\" target=\"_blank\" style=\"text-decoration: none; color: inherit;\">\r\n<h5>Ayurveda bei Muskelschmerzen<\/h5>\r\n<p class=\"truncate\" align=\"justify\">Muskelschmerzen sind ein h\u00e4ufiges Problem, das Menschen jeden Alters betrifft und oft durch k\u00f6rperliche Anstrengung, Stress oder zugrunde liegende Gesundheitsprobleme verursacht wird. W\u00e4hrend moderne Behandlungen zwar eine vor\u00fcbergehende Linderung bieten k\u00f6nnen, bieten ayurvedische Behandlungen eine nat\u00fcrliche und lang anhaltende L\u00f6sung, die auf uralter Weisheit beruht. Ayurveda, ein jahrhundertealtes Heilsystem, nutzt ganzheitliche Praktiken und pflanzliche Heilmittel, um Muskelschmerzen zu behandeln, indem es das Gleichgewicht des K\u00f6rpers wiederherstellt und das allgemeine Wohlbefinden f\u00f6rdert.<\/p>\r\n<\/a>\r\n<\/div>\r\n<\/div>\r\n<\/div>\r\n<\/div>\r\n<\/div>\r\n<\/section>\t\t\t\t<\/div>\n\t\t\t\t<\/div>\n\t\t\t\t\t<\/div>\n\t\t\t\t<\/div>\n\t\t\t\t<\/div>\n\t\t","protected":false},"excerpt":{"rendered":"Pranayama, die Kunst der bewussten Atmung, ist ein zentrales Element der ayurvedischen und yogischen Heiltradition. Der Atem gilt nicht nur als Lebensenergie (Prana), sondern als Br\u00fccke zwischen K\u00f6rper und Geist. Mit jedem bewussten Atemzug \u00f6ffnen wir einen Raum f\u00fcr Klarheit, innere Ruhe und mehr emotionale Stabilit\u00e4t. In unserem Ayurveda Kurzentrum begleiten wir diesen Prozess achtsam, [&hellip;]","protected":false},"author":3,"featured_media":12908,"comment_status":"open","ping_status":"open","sticky":false,"template":"single-staff.php","format":"standard","meta":{"footnotes":""},"categories":[74],"tags":[311,313,309],"class_list":["post-12906","post","type-post","status-publish","format-standard","has-post-thumbnail","hentry","category-yoga","tag-die-kraft-des-atmens","tag-pranayama","tag-pranayama-fuer-die-psychische-gesundheit"],"yoast_head":"<!-- This site is optimized with the Yoast SEO plugin v27.4 - https:\/\/yoast.com\/product\/yoast-seo-wordpress\/ -->\n<title>Pranayama f\u00fcr die psychische Gesundheit | Die Kraft des Atmens<\/title>\n<meta name=\"description\" content=\"Pranayama kann Ihre mentale Gesundheit durch achtsames Atmen transformieren. Entdecken Sie seine heilende Wirkung und beginnen Sie noch heute Ihre Reise zu innerer Ruhe!\" \/>\n<meta name=\"robots\" content=\"index, follow, max-snippet:-1, max-image-preview:large, max-video-preview:-1\" \/>\n<link rel=\"canonical\" href=\"https:\/\/gileaddigital.com\/nattika\/blogs\/die-kraft-des-atems-wie-pranayama-ihre-mentale-balance-staerkt\/\" \/>\n<meta property=\"og:locale\" content=\"en_US\" \/>\n<meta property=\"og:type\" content=\"article\" \/>\n<meta property=\"og:title\" content=\"Pranayama f\u00fcr die psychische Gesundheit | Die Kraft des Atmens\" \/>\n<meta property=\"og:description\" content=\"Pranayama kann Ihre mentale Gesundheit durch achtsames Atmen transformieren. Entdecken Sie seine heilende Wirkung und beginnen Sie noch heute Ihre Reise zu innerer Ruhe!\" \/>\n<meta property=\"og:url\" content=\"https:\/\/gileaddigital.com\/nattika\/blogs\/die-kraft-des-atems-wie-pranayama-ihre-mentale-balance-staerkt\/\" \/>\n<meta property=\"og:site_name\" content=\"Park Am See Nattika\" \/>\n<meta property=\"article:publisher\" content=\"https:\/\/www.facebook.com\/profile.php?id=61553061548393&amp;mibextid=ZbWKwL\" \/>\n<meta property=\"article:published_time\" content=\"2025-10-15T12:15:50+00:00\" \/>\n<meta property=\"article:modified_time\" content=\"2025-12-12T16:33:42+00:00\" \/>\n<meta property=\"og:image\" content=\"https:\/\/gileaddigital.com\/nattika\/wp-content\/uploads\/2025\/10\/pranayam-feature.webp\" \/>\n\t<meta property=\"og:image:width\" content=\"900\" \/>\n\t<meta property=\"og:image:height\" content=\"653\" \/>\n\t<meta property=\"og:image:type\" content=\"image\/png\" \/>\n<meta name=\"author\" content=\"Aksa\" \/>\n<meta name=\"twitter:card\" content=\"summary_large_image\" \/>\n<meta name=\"twitter:label1\" content=\"Written by\" \/>\n\t<meta name=\"twitter:data1\" content=\"Aksa\" \/>\n\t<meta name=\"twitter:label2\" content=\"Est. reading time\" \/>\n\t<meta name=\"twitter:data2\" content=\"7 minutes\" \/>\n<script type=\"application\/ld+json\" class=\"yoast-schema-graph\">{\"@context\":\"https:\\\/\\\/schema.org\",\"@graph\":[{\"@type\":\"Article\",\"@id\":\"https:\\\/\\\/gileaddigital.com\\\/nattika\\\/blogs\\\/die-kraft-des-atems-wie-pranayama-ihre-mentale-balance-staerkt\\\/#article\",\"isPartOf\":{\"@id\":\"https:\\\/\\\/gileaddigital.com\\\/nattika\\\/blogs\\\/die-kraft-des-atems-wie-pranayama-ihre-mentale-balance-staerkt\\\/\"},\"author\":{\"name\":\"Aksa\",\"@id\":\"https:\\\/\\\/gileaddigital.com\\\/nattika\\\/#\\\/schema\\\/person\\\/e01153d42008ca5d641076b8d78d54d8\"},\"headline\":\"Die Kraft des Atems &#8211; wie Pranayama Ihre mentale Balance st\u00e4rkt\",\"datePublished\":\"2025-10-15T12:15:50+00:00\",\"dateModified\":\"2025-12-12T16:33:42+00:00\",\"mainEntityOfPage\":{\"@id\":\"https:\\\/\\\/gileaddigital.com\\\/nattika\\\/blogs\\\/die-kraft-des-atems-wie-pranayama-ihre-mentale-balance-staerkt\\\/\"},\"wordCount\":1334,\"commentCount\":0,\"publisher\":{\"@id\":\"https:\\\/\\\/gileaddigital.com\\\/nattika\\\/#organization\"},\"image\":{\"@id\":\"https:\\\/\\\/gileaddigital.com\\\/nattika\\\/blogs\\\/die-kraft-des-atems-wie-pranayama-ihre-mentale-balance-staerkt\\\/#primaryimage\"},\"thumbnailUrl\":\"https:\\\/\\\/gileaddigital.com\\\/nattika\\\/wp-content\\\/uploads\\\/2025\\\/10\\\/pranayam-feature.webp\",\"keywords\":[\"Die Kraft des Atmens\",\"pranayama\",\"Pranayama f\u00fcr die psychische Gesundheit\"],\"articleSection\":[\"Yoga\"],\"inLanguage\":\"en-US\",\"potentialAction\":[{\"@type\":\"CommentAction\",\"name\":\"Comment\",\"target\":[\"https:\\\/\\\/gileaddigital.com\\\/nattika\\\/blogs\\\/die-kraft-des-atems-wie-pranayama-ihre-mentale-balance-staerkt\\\/#respond\"]}]},{\"@type\":\"WebPage\",\"@id\":\"https:\\\/\\\/gileaddigital.com\\\/nattika\\\/blogs\\\/die-kraft-des-atems-wie-pranayama-ihre-mentale-balance-staerkt\\\/\",\"url\":\"https:\\\/\\\/gileaddigital.com\\\/nattika\\\/blogs\\\/die-kraft-des-atems-wie-pranayama-ihre-mentale-balance-staerkt\\\/\",\"name\":\"Pranayama f\u00fcr die psychische Gesundheit | Die Kraft des Atmens\",\"isPartOf\":{\"@id\":\"https:\\\/\\\/gileaddigital.com\\\/nattika\\\/#website\"},\"primaryImageOfPage\":{\"@id\":\"https:\\\/\\\/gileaddigital.com\\\/nattika\\\/blogs\\\/die-kraft-des-atems-wie-pranayama-ihre-mentale-balance-staerkt\\\/#primaryimage\"},\"image\":{\"@id\":\"https:\\\/\\\/gileaddigital.com\\\/nattika\\\/blogs\\\/die-kraft-des-atems-wie-pranayama-ihre-mentale-balance-staerkt\\\/#primaryimage\"},\"thumbnailUrl\":\"https:\\\/\\\/gileaddigital.com\\\/nattika\\\/wp-content\\\/uploads\\\/2025\\\/10\\\/pranayam-feature.webp\",\"datePublished\":\"2025-10-15T12:15:50+00:00\",\"dateModified\":\"2025-12-12T16:33:42+00:00\",\"description\":\"Pranayama kann Ihre mentale Gesundheit durch achtsames Atmen transformieren. Entdecken Sie seine heilende Wirkung und beginnen Sie noch heute Ihre Reise zu innerer Ruhe!\",\"breadcrumb\":{\"@id\":\"https:\\\/\\\/gileaddigital.com\\\/nattika\\\/blogs\\\/die-kraft-des-atems-wie-pranayama-ihre-mentale-balance-staerkt\\\/#breadcrumb\"},\"inLanguage\":\"en-US\",\"potentialAction\":[{\"@type\":\"ReadAction\",\"target\":[\"https:\\\/\\\/gileaddigital.com\\\/nattika\\\/blogs\\\/die-kraft-des-atems-wie-pranayama-ihre-mentale-balance-staerkt\\\/\"]}]},{\"@type\":\"ImageObject\",\"inLanguage\":\"en-US\",\"@id\":\"https:\\\/\\\/gileaddigital.com\\\/nattika\\\/blogs\\\/die-kraft-des-atems-wie-pranayama-ihre-mentale-balance-staerkt\\\/#primaryimage\",\"url\":\"https:\\\/\\\/gileaddigital.com\\\/nattika\\\/wp-content\\\/uploads\\\/2025\\\/10\\\/pranayam-feature.webp\",\"contentUrl\":\"https:\\\/\\\/gileaddigital.com\\\/nattika\\\/wp-content\\\/uploads\\\/2025\\\/10\\\/pranayam-feature.webp\",\"width\":900,\"height\":653,\"caption\":\"pranayama\"},{\"@type\":\"BreadcrumbList\",\"@id\":\"https:\\\/\\\/gileaddigital.com\\\/nattika\\\/blogs\\\/die-kraft-des-atems-wie-pranayama-ihre-mentale-balance-staerkt\\\/#breadcrumb\",\"itemListElement\":[{\"@type\":\"ListItem\",\"position\":1,\"name\":\"Home\",\"item\":\"https:\\\/\\\/gileaddigital.com\\\/nattika\\\/\"},{\"@type\":\"ListItem\",\"position\":2,\"name\":\"Die Kraft des Atems &#8211; wie Pranayama Ihre mentale Balance st\u00e4rkt\"}]},{\"@type\":\"WebSite\",\"@id\":\"https:\\\/\\\/gileaddigital.com\\\/nattika\\\/#website\",\"url\":\"https:\\\/\\\/gileaddigital.com\\\/nattika\\\/\",\"name\":\"Park Am See Nattika\",\"description\":\"Ayurveda Kur in Deutschland - Authentisches Retreat Park am See\",\"publisher\":{\"@id\":\"https:\\\/\\\/gileaddigital.com\\\/nattika\\\/#organization\"},\"potentialAction\":[{\"@type\":\"SearchAction\",\"target\":{\"@type\":\"EntryPoint\",\"urlTemplate\":\"https:\\\/\\\/gileaddigital.com\\\/nattika\\\/?s={search_term_string}\"},\"query-input\":{\"@type\":\"PropertyValueSpecification\",\"valueRequired\":true,\"valueName\":\"search_term_string\"}}],\"inLanguage\":\"en-US\"},{\"@type\":\"Organization\",\"@id\":\"https:\\\/\\\/gileaddigital.com\\\/nattika\\\/#organization\",\"name\":\"Park Am See Nattika\",\"url\":\"https:\\\/\\\/gileaddigital.com\\\/nattika\\\/\",\"logo\":{\"@type\":\"ImageObject\",\"inLanguage\":\"en-US\",\"@id\":\"https:\\\/\\\/gileaddigital.com\\\/nattika\\\/#\\\/schema\\\/logo\\\/image\\\/\",\"url\":\"https:\\\/\\\/gileaddigital.com\\\/nattika\\\/wp-content\\\/uploads\\\/2024\\\/12\\\/favicon-png.webp\",\"contentUrl\":\"https:\\\/\\\/gileaddigital.com\\\/nattika\\\/wp-content\\\/uploads\\\/2024\\\/12\\\/favicon-png.webp\",\"width\":32,\"height\":32,\"caption\":\"Park Am See Nattika\"},\"image\":{\"@id\":\"https:\\\/\\\/gileaddigital.com\\\/nattika\\\/#\\\/schema\\\/logo\\\/image\\\/\"},\"sameAs\":[\"https:\\\/\\\/www.facebook.com\\\/profile.php?id=61553061548393&mibextid=ZbWKwL\",\"https:\\\/\\\/www.instagram.com\\\/park.am.see.nattika\\\/\",\"https:\\\/\\\/www.youtube.com\\\/watch?v=dD89haX2moo\"]},{\"@type\":\"Person\",\"@id\":\"https:\\\/\\\/gileaddigital.com\\\/nattika\\\/#\\\/schema\\\/person\\\/e01153d42008ca5d641076b8d78d54d8\",\"name\":\"Aksa\",\"image\":{\"@type\":\"ImageObject\",\"inLanguage\":\"en-US\",\"@id\":\"https:\\\/\\\/secure.gravatar.com\\\/avatar\\\/91c390ff7e30b9a3a67eba3d6f93b1d7570941b775df4d2742a72527f2d856bc?s=96&d=mm&r=g\",\"url\":\"https:\\\/\\\/secure.gravatar.com\\\/avatar\\\/91c390ff7e30b9a3a67eba3d6f93b1d7570941b775df4d2742a72527f2d856bc?s=96&d=mm&r=g\",\"contentUrl\":\"https:\\\/\\\/secure.gravatar.com\\\/avatar\\\/91c390ff7e30b9a3a67eba3d6f93b1d7570941b775df4d2742a72527f2d856bc?s=96&d=mm&r=g\",\"caption\":\"Aksa\"},\"url\":\"https:\\\/\\\/gileaddigital.com\\\/nattika\\\/blogs\\\/author\\\/aksa\\\/\"}]}<\/script>\n<!-- \/ Yoast SEO plugin. -->","yoast_head_json":{"title":"Pranayama f\u00fcr die psychische Gesundheit | Die Kraft des Atmens","description":"Pranayama kann Ihre mentale Gesundheit durch achtsames Atmen transformieren. Entdecken Sie seine heilende Wirkung und beginnen Sie noch heute Ihre Reise zu innerer Ruhe!","robots":{"index":"index","follow":"follow","max-snippet":"max-snippet:-1","max-image-preview":"max-image-preview:large","max-video-preview":"max-video-preview:-1"},"canonical":"https:\/\/gileaddigital.com\/nattika\/blogs\/die-kraft-des-atems-wie-pranayama-ihre-mentale-balance-staerkt\/","og_locale":"en_US","og_type":"article","og_title":"Pranayama f\u00fcr die psychische Gesundheit | Die Kraft des Atmens","og_description":"Pranayama kann Ihre mentale Gesundheit durch achtsames Atmen transformieren. Entdecken Sie seine heilende Wirkung und beginnen Sie noch heute Ihre Reise zu innerer Ruhe!","og_url":"https:\/\/gileaddigital.com\/nattika\/blogs\/die-kraft-des-atems-wie-pranayama-ihre-mentale-balance-staerkt\/","og_site_name":"Park Am See Nattika","article_publisher":"https:\/\/www.facebook.com\/profile.php?id=61553061548393&mibextid=ZbWKwL","article_published_time":"2025-10-15T12:15:50+00:00","article_modified_time":"2025-12-12T16:33:42+00:00","og_image":[{"width":900,"height":653,"url":"https:\/\/gileaddigital.com\/nattika\/wp-content\/uploads\/2025\/10\/pranayam-feature.webp","type":"image\/png"}],"author":"Aksa","twitter_card":"summary_large_image","twitter_misc":{"Written by":"Aksa","Est. reading time":"7 minutes"},"schema":{"@context":"https:\/\/schema.org","@graph":[{"@type":"Article","@id":"https:\/\/gileaddigital.com\/nattika\/blogs\/die-kraft-des-atems-wie-pranayama-ihre-mentale-balance-staerkt\/#article","isPartOf":{"@id":"https:\/\/gileaddigital.com\/nattika\/blogs\/die-kraft-des-atems-wie-pranayama-ihre-mentale-balance-staerkt\/"},"author":{"name":"Aksa","@id":"https:\/\/gileaddigital.com\/nattika\/#\/schema\/person\/e01153d42008ca5d641076b8d78d54d8"},"headline":"Die Kraft des Atems &#8211; wie Pranayama Ihre mentale Balance st\u00e4rkt","datePublished":"2025-10-15T12:15:50+00:00","dateModified":"2025-12-12T16:33:42+00:00","mainEntityOfPage":{"@id":"https:\/\/gileaddigital.com\/nattika\/blogs\/die-kraft-des-atems-wie-pranayama-ihre-mentale-balance-staerkt\/"},"wordCount":1334,"commentCount":0,"publisher":{"@id":"https:\/\/gileaddigital.com\/nattika\/#organization"},"image":{"@id":"https:\/\/gileaddigital.com\/nattika\/blogs\/die-kraft-des-atems-wie-pranayama-ihre-mentale-balance-staerkt\/#primaryimage"},"thumbnailUrl":"https:\/\/gileaddigital.com\/nattika\/wp-content\/uploads\/2025\/10\/pranayam-feature.webp","keywords":["Die Kraft des Atmens","pranayama","Pranayama f\u00fcr die psychische Gesundheit"],"articleSection":["Yoga"],"inLanguage":"en-US","potentialAction":[{"@type":"CommentAction","name":"Comment","target":["https:\/\/gileaddigital.com\/nattika\/blogs\/die-kraft-des-atems-wie-pranayama-ihre-mentale-balance-staerkt\/#respond"]}]},{"@type":"WebPage","@id":"https:\/\/gileaddigital.com\/nattika\/blogs\/die-kraft-des-atems-wie-pranayama-ihre-mentale-balance-staerkt\/","url":"https:\/\/gileaddigital.com\/nattika\/blogs\/die-kraft-des-atems-wie-pranayama-ihre-mentale-balance-staerkt\/","name":"Pranayama f\u00fcr die psychische Gesundheit | Die Kraft des Atmens","isPartOf":{"@id":"https:\/\/gileaddigital.com\/nattika\/#website"},"primaryImageOfPage":{"@id":"https:\/\/gileaddigital.com\/nattika\/blogs\/die-kraft-des-atems-wie-pranayama-ihre-mentale-balance-staerkt\/#primaryimage"},"image":{"@id":"https:\/\/gileaddigital.com\/nattika\/blogs\/die-kraft-des-atems-wie-pranayama-ihre-mentale-balance-staerkt\/#primaryimage"},"thumbnailUrl":"https:\/\/gileaddigital.com\/nattika\/wp-content\/uploads\/2025\/10\/pranayam-feature.webp","datePublished":"2025-10-15T12:15:50+00:00","dateModified":"2025-12-12T16:33:42+00:00","description":"Pranayama kann Ihre mentale Gesundheit durch achtsames Atmen transformieren. Entdecken Sie seine heilende Wirkung und beginnen Sie noch heute Ihre Reise zu innerer Ruhe!","breadcrumb":{"@id":"https:\/\/gileaddigital.com\/nattika\/blogs\/die-kraft-des-atems-wie-pranayama-ihre-mentale-balance-staerkt\/#breadcrumb"},"inLanguage":"en-US","potentialAction":[{"@type":"ReadAction","target":["https:\/\/gileaddigital.com\/nattika\/blogs\/die-kraft-des-atems-wie-pranayama-ihre-mentale-balance-staerkt\/"]}]},{"@type":"ImageObject","inLanguage":"en-US","@id":"https:\/\/gileaddigital.com\/nattika\/blogs\/die-kraft-des-atems-wie-pranayama-ihre-mentale-balance-staerkt\/#primaryimage","url":"https:\/\/gileaddigital.com\/nattika\/wp-content\/uploads\/2025\/10\/pranayam-feature.webp","contentUrl":"https:\/\/gileaddigital.com\/nattika\/wp-content\/uploads\/2025\/10\/pranayam-feature.webp","width":900,"height":653,"caption":"pranayama"},{"@type":"BreadcrumbList","@id":"https:\/\/gileaddigital.com\/nattika\/blogs\/die-kraft-des-atems-wie-pranayama-ihre-mentale-balance-staerkt\/#breadcrumb","itemListElement":[{"@type":"ListItem","position":1,"name":"Home","item":"https:\/\/gileaddigital.com\/nattika\/"},{"@type":"ListItem","position":2,"name":"Die Kraft des Atems &#8211; wie Pranayama Ihre mentale Balance st\u00e4rkt"}]},{"@type":"WebSite","@id":"https:\/\/gileaddigital.com\/nattika\/#website","url":"https:\/\/gileaddigital.com\/nattika\/","name":"Park Am See Nattika","description":"Ayurveda Kur in Deutschland - Authentisches Retreat Park am See","publisher":{"@id":"https:\/\/gileaddigital.com\/nattika\/#organization"},"potentialAction":[{"@type":"SearchAction","target":{"@type":"EntryPoint","urlTemplate":"https:\/\/gileaddigital.com\/nattika\/?s={search_term_string}"},"query-input":{"@type":"PropertyValueSpecification","valueRequired":true,"valueName":"search_term_string"}}],"inLanguage":"en-US"},{"@type":"Organization","@id":"https:\/\/gileaddigital.com\/nattika\/#organization","name":"Park Am See Nattika","url":"https:\/\/gileaddigital.com\/nattika\/","logo":{"@type":"ImageObject","inLanguage":"en-US","@id":"https:\/\/gileaddigital.com\/nattika\/#\/schema\/logo\/image\/","url":"https:\/\/gileaddigital.com\/nattika\/wp-content\/uploads\/2024\/12\/favicon-png.webp","contentUrl":"https:\/\/gileaddigital.com\/nattika\/wp-content\/uploads\/2024\/12\/favicon-png.webp","width":32,"height":32,"caption":"Park Am See Nattika"},"image":{"@id":"https:\/\/gileaddigital.com\/nattika\/#\/schema\/logo\/image\/"},"sameAs":["https:\/\/www.facebook.com\/profile.php?id=61553061548393&mibextid=ZbWKwL","https:\/\/www.instagram.com\/park.am.see.nattika\/","https:\/\/www.youtube.com\/watch?v=dD89haX2moo"]},{"@type":"Person","@id":"https:\/\/gileaddigital.com\/nattika\/#\/schema\/person\/e01153d42008ca5d641076b8d78d54d8","name":"Aksa","image":{"@type":"ImageObject","inLanguage":"en-US","@id":"https:\/\/secure.gravatar.com\/avatar\/91c390ff7e30b9a3a67eba3d6f93b1d7570941b775df4d2742a72527f2d856bc?s=96&d=mm&r=g","url":"https:\/\/secure.gravatar.com\/avatar\/91c390ff7e30b9a3a67eba3d6f93b1d7570941b775df4d2742a72527f2d856bc?s=96&d=mm&r=g","contentUrl":"https:\/\/secure.gravatar.com\/avatar\/91c390ff7e30b9a3a67eba3d6f93b1d7570941b775df4d2742a72527f2d856bc?s=96&d=mm&r=g","caption":"Aksa"},"url":"https:\/\/gileaddigital.com\/nattika\/blogs\/author\/aksa\/"}]}},"lang":"de","translations":{"de":12906,"en":12920},"pll_sync_post":[],"_links":{"self":[{"href":"https:\/\/gileaddigital.com\/nattika\/wp-json\/wp\/v2\/posts\/12906","targetHints":{"allow":["GET"]}}],"collection":[{"href":"https:\/\/gileaddigital.com\/nattika\/wp-json\/wp\/v2\/posts"}],"about":[{"href":"https:\/\/gileaddigital.com\/nattika\/wp-json\/wp\/v2\/types\/post"}],"author":[{"embeddable":true,"href":"https:\/\/gileaddigital.com\/nattika\/wp-json\/wp\/v2\/users\/3"}],"replies":[{"embeddable":true,"href":"https:\/\/gileaddigital.com\/nattika\/wp-json\/wp\/v2\/comments?post=12906"}],"version-history":[{"count":23,"href":"https:\/\/gileaddigital.com\/nattika\/wp-json\/wp\/v2\/posts\/12906\/revisions"}],"predecessor-version":[{"id":13656,"href":"https:\/\/gileaddigital.com\/nattika\/wp-json\/wp\/v2\/posts\/12906\/revisions\/13656"}],"wp:featuredmedia":[{"embeddable":true,"href":"https:\/\/gileaddigital.com\/nattika\/wp-json\/wp\/v2\/media\/12908"}],"wp:attachment":[{"href":"https:\/\/gileaddigital.com\/nattika\/wp-json\/wp\/v2\/media?parent=12906"}],"wp:term":[{"taxonomy":"category","embeddable":true,"href":"https:\/\/gileaddigital.com\/nattika\/wp-json\/wp\/v2\/categories?post=12906"},{"taxonomy":"post_tag","embeddable":true,"href":"https:\/\/gileaddigital.com\/nattika\/wp-json\/wp\/v2\/tags?post=12906"}],"curies":[{"name":"wp","href":"https:\/\/api.w.org\/{rel}","templated":true}]}}